{"id":694,"date":"2012-10-05T08:35:37","date_gmt":"2012-10-05T06:35:37","guid":{"rendered":"http:\/\/euskadi.partidoequo.es\/?p=694"},"modified":"2012-10-05T08:35:37","modified_gmt":"2012-10-05T06:35:37","slug":"ciudadania-interesada-en-conocer-el-proyecto-de-la-ecologia-politica-participa-en-la-sala-abierta-de-equo-berdeak-en-bilbao","status":"publish","type":"post","link":"https:\/\/euskadi.verdesequo.es\/EU\/2012\/10\/05\/ciudadania-interesada-en-conocer-el-proyecto-de-la-ecologia-politica-participa-en-la-sala-abierta-de-equo-berdeak-en-bilbao\/","title":{"rendered":"(Castellano) Ciudadan\u00eda interesada en conocer el proyecto de la ecolog\u00eda pol\u00edtica participa en la \u201csala abierta\u201d de EQUO Berdeak en Bilbao"},"content":{"rendered":"<p><br \/>\n<\/p>","protected":false},"excerpt":{"rendered":"","protected":false},"author":1,"featured_media":695,"comment_status":"open","ping_status":"open","sticky":false,"template":"","format":"standard","meta":{"footnotes":""},"categories":[5],"tags":[],"class_list":{"0":"post-694","1":"post","2":"type-post","3":"status-publish","4":"format-standard","5":"has-post-thumbnail","7":"category-noticias","8":"czr-hentry"},"aioseo_notices":[],"_links":{"self":[{"href":"https:\/\/euskadi.verdesequo.es\/EU\/wp-json\/wp\/v2\/posts\/694","targetHints":{"allow":["GET"]}}],"collection":[{"href":"https:\/\/euskadi.verdesequo.es\/EU\/wp-json\/wp\/v2\/posts"}],"about":[{"href":"https:\/\/euskadi.verdesequo.es\/EU\/wp-json\/wp\/v2\/types\/post"}],"author":[{"embeddable":true,"href":"https:\/\/euskadi.verdesequo.es\/EU\/wp-json\/wp\/v2\/users\/1"}],"replies":[{"embeddable":true,"href":"https:\/\/euskadi.verdesequo.es\/EU\/wp-json\/wp\/v2\/comments?post=694"}],"version-history":[{"count":6,"href":"https:\/\/euskadi.verdesequo.es\/EU\/wp-json\/wp\/v2\/posts\/694\/revisions"}],"predecessor-version":[{"id":701,"href":"https:\/\/euskadi.verdesequo.es\/EU\/wp-json\/wp\/v2\/posts\/694\/revisions\/701"}],"wp:featuredmedia":[{"embeddable":true,"href":"https:\/\/euskadi.verdesequo.es\/EU\/wp-json\/wp\/v2\/media\/695"}],"wp:attachment":[{"href":"https:\/\/euskadi.verdesequo.es\/EU\/wp-json\/wp\/v2\/media?parent=694"}],"wp:term":[{"taxonomy":"category","embeddable":true,"href":"https:\/\/euskadi.verdesequo.es\/EU\/wp-json\/wp\/v2\/categories?post=694"},{"taxonomy":"post_tag","embeddable":true,"href":"https:\/\/euskadi.verdesequo.es\/EU\/wp-json\/wp\/v2\/tags?post=694"}],"curies":[{"name":"wp","href":"https:\/\/api.w.org\/{rel}","templated":true}]}}