{"id":65153,"date":"2024-10-20T10:56:45","date_gmt":"2024-10-20T08:56:45","guid":{"rendered":"https:\/\/euskadi.partidoequo.es\/?p=65153"},"modified":"2024-10-24T11:01:43","modified_gmt":"2024-10-24T09:01:43","slug":"nuestro-equokide-jose-ramon-becerra-nuevo-coportavoz-de-verdes-equo-junto-a-mar-gonzalez","status":"publish","type":"post","link":"https:\/\/euskadi.verdesequo.es\/EU\/2024\/10\/20\/nuestro-equokide-jose-ramon-becerra-nuevo-coportavoz-de-verdes-equo-junto-a-mar-gonzalez\/","title":{"rendered":"(Castellano) Nuestro &#8216;equokide&#8217; Jos\u00e9 Ram\u00f3n Becerra, nuevo coportavoz de Verdes Equo junto a Mar Gonz\u00e1lez"},"content":{"rendered":"<p class=\"qtranxs-available-languages-message qtranxs-available-languages-message-EU\">Barkatu, hau ez dago euskararaturik oraindik...<\/p>","protected":false},"excerpt":{"rendered":"<p>Barkatu, hau ez dago euskararaturik oraindik&#8230;<\/p>\n","protected":false},"author":1,"featured_media":65154,"comment_status":"open","ping_status":"open","sticky":false,"template":"","format":"standard","meta":{"footnotes":""},"categories":[],"tags":[],"class_list":["post-65153","post","type-post","status-publish","format-standard","has-post-thumbnail","czr-hentry"],"aioseo_notices":[],"_links":{"self":[{"href":"https:\/\/euskadi.verdesequo.es\/EU\/wp-json\/wp\/v2\/posts\/65153","targetHints":{"allow":["GET"]}}],"collection":[{"href":"https:\/\/euskadi.verdesequo.es\/EU\/wp-json\/wp\/v2\/posts"}],"about":[{"href":"https:\/\/euskadi.verdesequo.es\/EU\/wp-json\/wp\/v2\/types\/post"}],"author":[{"embeddable":true,"href":"https:\/\/euskadi.verdesequo.es\/EU\/wp-json\/wp\/v2\/users\/1"}],"replies":[{"embeddable":true,"href":"https:\/\/euskadi.verdesequo.es\/EU\/wp-json\/wp\/v2\/comments?post=65153"}],"version-history":[{"count":1,"href":"https:\/\/euskadi.verdesequo.es\/EU\/wp-json\/wp\/v2\/posts\/65153\/revisions"}],"predecessor-version":[{"id":65155,"href":"https:\/\/euskadi.verdesequo.es\/EU\/wp-json\/wp\/v2\/posts\/65153\/revisions\/65155"}],"wp:featuredmedia":[{"embeddable":true,"href":"https:\/\/euskadi.verdesequo.es\/EU\/wp-json\/wp\/v2\/media\/65154"}],"wp:attachment":[{"href":"https:\/\/euskadi.verdesequo.es\/EU\/wp-json\/wp\/v2\/media?parent=65153"}],"wp:term":[{"taxonomy":"category","embeddable":true,"href":"https:\/\/euskadi.verdesequo.es\/EU\/wp-json\/wp\/v2\/categories?post=65153"},{"taxonomy":"post_tag","embeddable":true,"href":"https:\/\/euskadi.verdesequo.es\/EU\/wp-json\/wp\/v2\/tags?post=65153"}],"curies":[{"name":"wp","href":"https:\/\/api.w.org\/{rel}","templated":true}]}}