{"id":65133,"date":"2024-03-01T10:50:15","date_gmt":"2024-03-01T09:50:15","guid":{"rendered":"https:\/\/euskadi.partidoequo.es\/?p=65133"},"modified":"2024-03-01T10:50:15","modified_gmt":"2024-03-01T09:50:15","slug":"registramos-la-coalicion-sumar-para-las-elecciones-del-21-de-abril-con-la-incorporacion-de-mas-euskadi-euskadi-eraiki","status":"publish","type":"post","link":"https:\/\/euskadi.verdesequo.es\/EU\/2024\/03\/01\/registramos-la-coalicion-sumar-para-las-elecciones-del-21-de-abril-con-la-incorporacion-de-mas-euskadi-euskadi-eraiki\/","title":{"rendered":"(Castellano) Registramos la coalici\u00f3n Sumar para las elecciones del 21 de abril con la incorporaci\u00f3n de M\u00e1s Euskadi- Euskadi Eraiki"},"content":{"rendered":"<p class=\"qtranxs-available-languages-message qtranxs-available-languages-message-EU\">Barkatu, hau ez dago euskararaturik oraindik...<\/p>","protected":false},"excerpt":{"rendered":"<p>Barkatu, hau ez dago euskararaturik oraindik&#8230;<\/p>\n","protected":false},"author":1,"featured_media":65136,"comment_status":"open","ping_status":"open","sticky":false,"template":"","format":"standard","meta":{"footnotes":""},"categories":[],"tags":[],"class_list":["post-65133","post","type-post","status-publish","format-standard","has-post-thumbnail","czr-hentry"],"aioseo_notices":[],"_links":{"self":[{"href":"https:\/\/euskadi.verdesequo.es\/EU\/wp-json\/wp\/v2\/posts\/65133","targetHints":{"allow":["GET"]}}],"collection":[{"href":"https:\/\/euskadi.verdesequo.es\/EU\/wp-json\/wp\/v2\/posts"}],"about":[{"href":"https:\/\/euskadi.verdesequo.es\/EU\/wp-json\/wp\/v2\/types\/post"}],"author":[{"embeddable":true,"href":"https:\/\/euskadi.verdesequo.es\/EU\/wp-json\/wp\/v2\/users\/1"}],"replies":[{"embeddable":true,"href":"https:\/\/euskadi.verdesequo.es\/EU\/wp-json\/wp\/v2\/comments?post=65133"}],"version-history":[{"count":1,"href":"https:\/\/euskadi.verdesequo.es\/EU\/wp-json\/wp\/v2\/posts\/65133\/revisions"}],"predecessor-version":[{"id":65138,"href":"https:\/\/euskadi.verdesequo.es\/EU\/wp-json\/wp\/v2\/posts\/65133\/revisions\/65138"}],"wp:featuredmedia":[{"embeddable":true,"href":"https:\/\/euskadi.verdesequo.es\/EU\/wp-json\/wp\/v2\/media\/65136"}],"wp:attachment":[{"href":"https:\/\/euskadi.verdesequo.es\/EU\/wp-json\/wp\/v2\/media?parent=65133"}],"wp:term":[{"taxonomy":"category","embeddable":true,"href":"https:\/\/euskadi.verdesequo.es\/EU\/wp-json\/wp\/v2\/categories?post=65133"},{"taxonomy":"post_tag","embeddable":true,"href":"https:\/\/euskadi.verdesequo.es\/EU\/wp-json\/wp\/v2\/tags?post=65133"}],"curies":[{"name":"wp","href":"https:\/\/api.w.org\/{rel}","templated":true}]}}