{"id":65068,"date":"2023-10-21T09:45:37","date_gmt":"2023-10-21T07:45:37","guid":{"rendered":"https:\/\/euskadi.partidoequo.es\/?p=65068"},"modified":"2023-10-27T09:55:07","modified_gmt":"2023-10-27T07:55:07","slug":"berdeak-equo-elige-a-carmen-munoz-y-oscar-fernandez-como-nuevos-coportavoces-y-renueva-el-resto-de-la-mesa-de-euskadi","status":"publish","type":"post","link":"https:\/\/euskadi.verdesequo.es\/EU\/2023\/10\/21\/berdeak-equo-elige-a-carmen-munoz-y-oscar-fernandez-como-nuevos-coportavoces-y-renueva-el-resto-de-la-mesa-de-euskadi\/","title":{"rendered":"Berdeak EQUOk Carmen Mu\u00f1oz eta Oscar Fernandez aukeratu ditu bozeramaile berri izateko, eta Euskadiko Mahaia ere berritu du\u00a0"},"content":{"rendered":"<p>&nbsp;<\/p>\n<ul>\n<li aria-level=\"1\">Bi ordezkariek gidatuko dituzte Elkarrekin eta Sumar esparruetako gainerako alderdiekin izango diren elkarrizketak, 2024ko hauteskunde autonomikoetan hautagaitza bateratuan bat egiteko<\/li>\n<\/ul>\n<p>Berdeak EQUOk Carmen Mu\u00f1oz, Bilboko Udaleko zinegotzi ohia, eta Oscar Fernandez, egungo Gasteizko zinegotzia, aukeratu ditu alderdiaren ageriko aurpegi berri gisa, alderdiak bere sorreratik egin duen bozeramailetza paritarioaren formularekin jarraituz.<\/p>\n<p>Horrela, urriaren hasieran irekitako prozesua itxi da, bai bozeramailetza berritzeko \u2013orain arte legebiltzarkide ohi Joserra Becerrak eta migrazioetan aditu Stella Garc\u00edak izandakoa\u2013, bai ordezkaritza goreneko organoa berritzeko, Euskadiko Koordinazio Mahaia, hau ere parekidetasunean osatua eta lurralde bakoitzeko pertsona baten presentzia bermatuz. Lidia Mu\u00f1oz Ucher, Joserra Becerra, Oroitz Aguirre Imaz eta \u00cd\u00f1igo Leon Sancho dira Mahai berria osatzen dutenak.<\/p>\n<p>Mu\u00f1oz eta Fernandez bozeramaile berriei dagokie, besteak beste, Elkarrekin eta Sumar esparruetako gainerako alderdi politikoekin elkarrizketa-prozesua gidatzea, 2024an egingo diren hauteskunde autonomikoei begira hautagaitza bateratuan bat egiteko.<\/p>\n<p>Mu\u00f1oz Berdeak EQUOren ordezkaria izan da Bilboko Udalean azken zortzi urteetan, lehenik Udalberri-Bilbao en Com\u00fan koalizioko bozeramaile gisa eta, ondoren, aurreko legealdian, Elkarrekin koalizioko zinegotzi gisa. 2023ko Espainiako hauteskunde orokorretan, Senaturako hautagai izan zen Sumar koalizioan.<\/p>\n<p>Ezaguna da aktibismo feministan izan duen ibilbide bizia, eta emakumeen lidergo politikoak erabakitasunez defendatzeagatik baloratua da. Udal-ibilbidean, lan handia egin du genero-ikuspegia arlo guztietan zeharka ezartzeko eta gizarte eta ingurumen-justizian aurrera egiteko, sinetsita baitago ekologia politikoa eta feminismoa tresna eraginkorrak eta ezinbestekoak direla gizartea etorkizun bidezkoago eta iraunkorrago baterantz eraldatzeko.<\/p>\n<p>Fernandez Berdeak EQUOren ordezkaria izan da Gasteizko Udalean azken zortzi urteetan, lehenik Irabazi-Ganar koalizioan eta, ondoren, Elkarrekin koalizioan. Koalizio horretan zinegotzi izaten jarraitzen du, aurreko legealdian udal taldeko bozeramaile izan ondoren.<\/p>\n<p>Fernandezek udal mailan izan duen profil berdea aintzat hartu eta balioetsi\u00a0 da hirigintzan eta mugikortasun iraunkorrean aurrera egiteko, udalerriko nekazaritza eta landa-ingurunea babesteko, Arabako hiriburua klima-aldaketaren ondorioen aurrean erresiliente izateko prestatzeko eta justizia soziala eta ingurumen-justizia lantzeko egin duen ahaleginagatik.<\/p>\n<p>Bi bozeramaileek beren gain hartu dute Berdeak taldean duten zeregin berria, Euskadiko espektro politikoan alderdi berdearen zeregina eta balioa mantentzeko eta indartzeko.<\/p>\n<p><a href=\"https:\/\/euskadi.partidoequo.es\/wp-content\/uploads\/2023\/10\/photo_5877579195033436752_y2-1.jpg\"><img loading=\"lazy\" decoding=\"async\" class=\"alignnone size-medium wp-image-65072\" src=\"https:\/\/euskadi.partidoequo.es\/wp-content\/uploads\/2023\/10\/photo_5877579195033436752_y2-1-200x300.jpg\" alt=\"\" width=\"200\" height=\"300\" srcset=\"https:\/\/euskadi.verdesequo.es\/wp-content\/uploads\/2023\/10\/photo_5877579195033436752_y2-1-200x300.jpg 200w, https:\/\/euskadi.verdesequo.es\/wp-content\/uploads\/2023\/10\/photo_5877579195033436752_y2-1-682x1024.jpg 682w, https:\/\/euskadi.verdesequo.es\/wp-content\/uploads\/2023\/10\/photo_5877579195033436752_y2-1-768x1152.jpg 768w, https:\/\/euskadi.verdesequo.es\/wp-content\/uploads\/2023\/10\/photo_5877579195033436752_y2-1.jpg 853w\" sizes=\"auto, (max-width: 200px) 100vw, 200px\" \/><\/a><a href=\"https:\/\/euskadi.partidoequo.es\/wp-content\/uploads\/2023\/10\/PODEMOS-Oscar-Fernandez-8-1-scaled.jpg\"><img loading=\"lazy\" decoding=\"async\" class=\"alignnone size-medium wp-image-65071\" src=\"https:\/\/euskadi.partidoequo.es\/wp-content\/uploads\/2023\/10\/PODEMOS-Oscar-Fernandez-8-1-211x300.jpg\" alt=\"\" width=\"211\" height=\"300\" srcset=\"https:\/\/euskadi.verdesequo.es\/wp-content\/uploads\/2023\/10\/PODEMOS-Oscar-Fernandez-8-1-211x300.jpg 211w, https:\/\/euskadi.verdesequo.es\/wp-content\/uploads\/2023\/10\/PODEMOS-Oscar-Fernandez-8-1-720x1024.jpg 720w, https:\/\/euskadi.verdesequo.es\/wp-content\/uploads\/2023\/10\/PODEMOS-Oscar-Fernandez-8-1-768x1092.jpg 768w, https:\/\/euskadi.verdesequo.es\/wp-content\/uploads\/2023\/10\/PODEMOS-Oscar-Fernandez-8-1-1081x1536.jpg 1081w, https:\/\/euskadi.verdesequo.es\/wp-content\/uploads\/2023\/10\/PODEMOS-Oscar-Fernandez-8-1-1441x2048.jpg 1441w, https:\/\/euskadi.verdesequo.es\/wp-content\/uploads\/2023\/10\/PODEMOS-Oscar-Fernandez-8-1-scaled.jpg 1801w\" sizes=\"auto, (max-width: 211px) 100vw, 211px\" \/><\/a><\/p>","protected":false},"excerpt":{"rendered":"<p>&nbsp; Bi ordezkariek gidatuko dituzte Elkarrekin eta Sumar esparruetako gainerako alderdiekin izango diren elkarrizketak, 2024ko hauteskunde autonomikoetan hautagaitza bateratuan bat egiteko Berdeak EQUOk Carmen Mu\u00f1oz, Bilboko Udaleko zinegotzi ohia, eta Oscar Fernandez, egungo Gasteizko zinegotzia, aukeratu ditu alderdiaren ageriko aurpegi berri gisa, alderdiak bere sorreratik egin duen bozeramailetza paritarioaren formularekin jarraituz. Horrela, urriaren hasieran irekitako [&hellip;]<\/p>\n","protected":false},"author":1,"featured_media":65073,"comment_status":"open","ping_status":"open","sticky":false,"template":"","format":"standard","meta":{"footnotes":""},"categories":[],"tags":[],"class_list":["post-65068","post","type-post","status-publish","format-standard","has-post-thumbnail","czr-hentry"],"aioseo_notices":[],"_links":{"self":[{"href":"https:\/\/euskadi.verdesequo.es\/EU\/wp-json\/wp\/v2\/posts\/65068","targetHints":{"allow":["GET"]}}],"collection":[{"href":"https:\/\/euskadi.verdesequo.es\/EU\/wp-json\/wp\/v2\/posts"}],"about":[{"href":"https:\/\/euskadi.verdesequo.es\/EU\/wp-json\/wp\/v2\/types\/post"}],"author":[{"embeddable":true,"href":"https:\/\/euskadi.verdesequo.es\/EU\/wp-json\/wp\/v2\/users\/1"}],"replies":[{"embeddable":true,"href":"https:\/\/euskadi.verdesequo.es\/EU\/wp-json\/wp\/v2\/comments?post=65068"}],"version-history":[{"count":1,"href":"https:\/\/euskadi.verdesequo.es\/EU\/wp-json\/wp\/v2\/posts\/65068\/revisions"}],"predecessor-version":[{"id":65074,"href":"https:\/\/euskadi.verdesequo.es\/EU\/wp-json\/wp\/v2\/posts\/65068\/revisions\/65074"}],"wp:featuredmedia":[{"embeddable":true,"href":"https:\/\/euskadi.verdesequo.es\/EU\/wp-json\/wp\/v2\/media\/65073"}],"wp:attachment":[{"href":"https:\/\/euskadi.verdesequo.es\/EU\/wp-json\/wp\/v2\/media?parent=65068"}],"wp:term":[{"taxonomy":"category","embeddable":true,"href":"https:\/\/euskadi.verdesequo.es\/EU\/wp-json\/wp\/v2\/categories?post=65068"},{"taxonomy":"post_tag","embeddable":true,"href":"https:\/\/euskadi.verdesequo.es\/EU\/wp-json\/wp\/v2\/tags?post=65068"}],"curies":[{"name":"wp","href":"https:\/\/api.w.org\/{rel}","templated":true}]}}