{"id":65054,"date":"2023-05-08T10:24:02","date_gmt":"2023-05-08T08:24:02","guid":{"rendered":"https:\/\/euskadi.partidoequo.es\/?p=65054"},"modified":"2023-05-08T10:24:02","modified_gmt":"2023-05-08T08:24:02","slug":"elkarrekin-podemos-ezker-anitza-iu-berdeak-equo-alianza-verde-se-presentara-a-las-elecciones-en-66-municipios-vascos-14-mas-que-en-2019","status":"publish","type":"post","link":"https:\/\/euskadi.verdesequo.es\/EU\/2023\/05\/08\/elkarrekin-podemos-ezker-anitza-iu-berdeak-equo-alianza-verde-se-presentara-a-las-elecciones-en-66-municipios-vascos-14-mas-que-en-2019\/","title":{"rendered":"Elkarrekin Podemos Ezker Anitza-IU, Berdeak Equo eta Alianza Verde koalizioa 66 udalerritan aurkeztuko da hauteskundeetara, 2019an baino 14 udalerri gehiagotan"},"content":{"rendered":"<p><\/p>\n<ul>\n<li><span dir=\"ltr\" role=\"presentation\">La coalici\u00f3n de la izquierda vasca progresista y verde registra un 27% m\u00e1s de candidaturas<\/span><br role=\"presentation\" \/><span dir=\"ltr\" role=\"presentation\">municipales que hace cuatro a\u00f1os: las listas abarcan al 85% de la ciudadan\u00eda vasca<\/span><\/li>\n<\/ul>\n<p><br role=\"presentation\" \/>\u00a0<span dir=\"ltr\" role=\"presentation\">Elkarrekin Podemos Ezker Anitza IU Berdeak Equo Alianza Verde se presentar\u00e1 en un total de<\/span><br role=\"presentation\" \/><span dir=\"ltr\" role=\"presentation\">6<\/span><span dir=\"ltr\" role=\"presentation\">6<\/span> <span dir=\"ltr\" role=\"presentation\">municipios vascos a las elecciones del 28 de mayo en Euskadi, lo que supone un incremento de<\/span> <span dir=\"ltr\" role=\"presentation\">14<\/span><br role=\"presentation\" \/><span dir=\"ltr\" role=\"presentation\">candidaturas en relaci\u00f3n a 2019, cuando registr\u00f3<\/span> <span dir=\"ltr\" role=\"presentation\">52<\/span> <span dir=\"ltr\" role=\"presentation\">listas para los comicios locales. Esto significa que la<\/span><br role=\"presentation\" \/><span dir=\"ltr\" role=\"presentation\">coalici\u00f3n unitaria de la izquierda vasca registra un<\/span> <span dir=\"ltr\" role=\"presentation\">27<\/span><span dir=\"ltr\" role=\"presentation\">% m\u00e1s de candidaturas municipales que hace cuatro<\/span><br role=\"presentation\" \/><span dir=\"ltr\" role=\"presentation\">a\u00f1os.<\/span><\/p>\n<p><br role=\"presentation\" \/><span dir=\"ltr\" role=\"presentation\">En su conjunto, Elkarrekin Podemos Ezker Anitza IU Berdeak Equo Alianza Verde presentar\u00e1 listas<\/span><br role=\"presentation\" \/><span dir=\"ltr\" role=\"presentation\">unitarias en municipios que abarcan al 8<\/span><span dir=\"ltr\" role=\"presentation\">5<\/span><span dir=\"ltr\" role=\"presentation\">% de la ciudadan\u00eda vasca. \u201cHemos incrementado de forma notable<\/span><br role=\"presentation\" \/><span dir=\"ltr\" role=\"presentation\">nuestra presencia en las elecciones municipales de la mano de la base y la militancia, que han realizado un<\/span><br role=\"presentation\" \/><span dir=\"ltr\" role=\"presentation\">trabajo intenso para poder presentar candidaturas en municipios donde no tuvimos papeleta en las urnas hace<\/span><br role=\"presentation\" \/><span dir=\"ltr\" role=\"presentation\">cuatro a\u00f1os\u201d, resalta la coalici\u00f3n,<\/span> <span dir=\"ltr\" role=\"presentation\">que ha sumado una cuarta fuerza -Alianza Verde- en relaci\u00f3n a los<\/span><br role=\"presentation\" \/><span dir=\"ltr\" role=\"presentation\">comicios de 2019<\/span><span dir=\"ltr\" role=\"presentation\">.<\/span><\/p>\n<p><br role=\"presentation\" \/><span dir=\"ltr\" role=\"presentation\">Son 21 los<\/span> <span dir=\"ltr\" role=\"presentation\">nuevos municipios en los que la coalici\u00f3n presentar\u00e1 lista<\/span><span dir=\"ltr\" role=\"presentation\">s<\/span> <span dir=\"ltr\" role=\"presentation\">electoral<\/span><span dir=\"ltr\" role=\"presentation\">es:<\/span> <span dir=\"ltr\" role=\"presentation\">Plentzia, Abadi\u00f1o,<\/span><br role=\"presentation\" \/><span dir=\"ltr\" role=\"presentation\">Arrigorriaga, Gernika, Lemoa, Igorre, Orozko, Ordu\u00f1a y Zaldibar en Bizkaia; Astigarraga, Azpeitia,<\/span><br role=\"presentation\" \/><span dir=\"ltr\" role=\"presentation\">Beasain, Deba, Lezo, Oiartzun,<\/span> <span dir=\"ltr\" role=\"presentation\">Mendaro, Mutriku<\/span> <span dir=\"ltr\" role=\"presentation\">y Urnieta en Gipuzkoa; y Alegr\u00eda-Dulantzi, Amurrio y<\/span><br role=\"presentation\" \/><span dir=\"ltr\" role=\"presentation\">Oion en Araba.<\/span> <span dir=\"ltr\" role=\"presentation\">Por su parte, en estos comicios no habr\u00e1 listas en Agurain, Legazpi, Mungia, Ormaiztegi,<\/span><br role=\"presentation\" \/><span dir=\"ltr\" role=\"presentation\">Urretxu, Zamudio y Llodio.<\/span><\/p>\n<p><br role=\"presentation\" \/><span dir=\"ltr\" role=\"presentation\">La mayor presencia en las urnas el 28 de mayo refuerza a la coalici\u00f3n de la izquierda progresista y verde<\/span><br role=\"presentation\" \/><span dir=\"ltr\" role=\"presentation\">vasca -que ir\u00e1 unida en una \u00fanica papeleta en los comicios municipales y forales- en su pretensi\u00f3n de ofrecer<\/span><br role=\"presentation\" \/><span dir=\"ltr\" role=\"presentation\">a la ciudadan\u00eda un proyecto renovado de pa\u00eds que logre una Euskadi m\u00e1s justa, solidaria, feminista y verde.<\/span><\/p>\n<p>[eu:]<\/p>\n<ul>\n<li><span dir=\"ltr\" role=\"presentation\">EAEko ezker aurrerakoi eta berdearen koalizioak duela lau urte baino %27 udal hautagaitza<br role=\"presentation\" \/>gehiago erregistratu ditu: zerrendek EAEko herritarren % 85 hartzen dute barne<br role=\"presentation\" \/><br \/>\n<\/span><\/li>\n<\/ul>\n<p><span dir=\"ltr\" role=\"presentation\">Elkarrekin Podemos Ezker Anitza-IU, Berdeak Equo eta Alianza Verde koalizioa EAEko 66<br role=\"presentation\" \/>udalerritan aurkeztuko da maiatzaren 28ko hauteskundeetara, hau da, 2019an baino 14 hautagaitza gehiago<br role=\"presentation\" \/>izango dira, tokiko hauteskundeetarako 52 zerrenda erregistratu baitira. Horren arabera, EAEko ezkerreko<br role=\"presentation\" \/>koalizio unitarioak duela lau urte baino % 27 udal hautagaitza gehiago dituela.<\/span><\/p>\n<p><span dir=\"ltr\" role=\"presentation\"><br role=\"presentation\" \/>Elkarrekin Podemos Ezker Anitza-IU, Berdeak Equo eta Alianza Verde alderdiak zerrenda unitarioak<br role=\"presentation\" \/>aurkeztuko ditu udalerrietan eta zerrenda horiek euskal herritarren % 85 bilduko dute. \u201cOinarriaren eta<br role=\"presentation\" \/>militantziaren eskutik, nabarmen handitu dugu gure presentzia udal hauteskundeetan; izan ere, lan handia<br role=\"presentation\" \/>egin dute duela lau urte hautestontzietan boto-paperik izan ez genuen udalerrietan hautagaitzak aurkeztu<br role=\"presentation\" \/>ahal izateko\u201d. Koalizioak nabarmendu du laugarren indarra batu duela -Alianza Verde-, 2019ko<br role=\"presentation\" \/>hauteskundeei dagokienez.<\/span><\/p>\n<p><span dir=\"ltr\" role=\"presentation\"><br role=\"presentation\" \/>Koalizioa 21 udalerri berritan aurkeztuko da hauteskunde-zerrendetan, hona zerrenda: Plentzia, Abadi\u00f1o,<br role=\"presentation\" \/>Arrigorriaga, Gernika, Lemoa, Igorre, Orozko, Ordu\u00f1a eta Zaldibar, (Bizkaia); Astigarraga, Azpeitia,<br role=\"presentation\" \/>Beasain, Deba, Lezo, Oiartzun, Mendaro, Mutriku eta Urnieta (Gipuzkoa); eta Alegri\u0301a-Dulantzi, Amurrio<br role=\"presentation\" \/>eta Oion (Araban). Bestalde, hauteskunde hauetan ez da zerrendarik izango ondoko herrietan: Agurainen,<br role=\"presentation\" \/>Legazpin, Mungian, Ormaiztegin, Urretxun, Zamudion eta Laudion.<\/span><\/p>\n<p><span dir=\"ltr\" role=\"presentation\"><br role=\"presentation\" \/>Maiatzaren 28ko hautestontzietan presentzia handiagoa izateak indartu egiten du EAEko ezker aurrerakoi<br role=\"presentation\" \/>eta berdearen koalizioa \u2013 udal eta foru hauteskundeetan boto-paper bakar batean batuko dena \u2013, herritarrei<br role=\"presentation\" \/>Euskadi bidezkoagoa, solidarioagoa, feministagoa eta berdeagoa lortuko duen herri proiektu berritu bat<br role=\"presentation\" \/>eskaintzeko xedea duena<\/span><\/p>","protected":false},"excerpt":{"rendered":"<p>La coalici\u00f3n de la izquierda vasca progresista y verde registra un 27% m\u00e1s de candidaturasmunicipales que hace cuatro a\u00f1os: las listas abarcan al 85% de la ciudadan\u00eda vasca \u00a0Elkarrekin Podemos Ezker Anitza IU Berdeak Equo Alianza Verde se presentar\u00e1 en un total de66 municipios vascos a las elecciones del 28 de mayo en Euskadi, lo [&hellip;]<\/p>\n","protected":false},"author":1,"featured_media":65055,"comment_status":"open","ping_status":"open","sticky":false,"template":"","format":"standard","meta":{"footnotes":""},"categories":[],"tags":[],"class_list":["post-65054","post","type-post","status-publish","format-standard","has-post-thumbnail","czr-hentry"],"aioseo_notices":[],"_links":{"self":[{"href":"https:\/\/euskadi.verdesequo.es\/EU\/wp-json\/wp\/v2\/posts\/65054","targetHints":{"allow":["GET"]}}],"collection":[{"href":"https:\/\/euskadi.verdesequo.es\/EU\/wp-json\/wp\/v2\/posts"}],"about":[{"href":"https:\/\/euskadi.verdesequo.es\/EU\/wp-json\/wp\/v2\/types\/post"}],"author":[{"embeddable":true,"href":"https:\/\/euskadi.verdesequo.es\/EU\/wp-json\/wp\/v2\/users\/1"}],"replies":[{"embeddable":true,"href":"https:\/\/euskadi.verdesequo.es\/EU\/wp-json\/wp\/v2\/comments?post=65054"}],"version-history":[{"count":1,"href":"https:\/\/euskadi.verdesequo.es\/EU\/wp-json\/wp\/v2\/posts\/65054\/revisions"}],"predecessor-version":[{"id":65056,"href":"https:\/\/euskadi.verdesequo.es\/EU\/wp-json\/wp\/v2\/posts\/65054\/revisions\/65056"}],"wp:featuredmedia":[{"embeddable":true,"href":"https:\/\/euskadi.verdesequo.es\/EU\/wp-json\/wp\/v2\/media\/65055"}],"wp:attachment":[{"href":"https:\/\/euskadi.verdesequo.es\/EU\/wp-json\/wp\/v2\/media?parent=65054"}],"wp:term":[{"taxonomy":"category","embeddable":true,"href":"https:\/\/euskadi.verdesequo.es\/EU\/wp-json\/wp\/v2\/categories?post=65054"},{"taxonomy":"post_tag","embeddable":true,"href":"https:\/\/euskadi.verdesequo.es\/EU\/wp-json\/wp\/v2\/tags?post=65054"}],"curies":[{"name":"wp","href":"https:\/\/api.w.org\/{rel}","templated":true}]}}