{"id":64960,"date":"2022-11-23T10:30:49","date_gmt":"2022-11-23T09:30:49","guid":{"rendered":"https:\/\/euskadi.partidoequo.es\/?p=64960"},"modified":"2022-11-23T10:38:24","modified_gmt":"2022-11-23T09:38:24","slug":"la-soledad-no-deseada-es-un-problema-silencioso-que-cada-vez-afecta-a-mas-personas-carmen-munoz","status":"publish","type":"post","link":"https:\/\/euskadi.verdesequo.es\/EU\/2022\/11\/23\/la-soledad-no-deseada-es-un-problema-silencioso-que-cada-vez-afecta-a-mas-personas-carmen-munoz\/","title":{"rendered":"\u201cNahi ez den bakardadea arazo isila da, baina gero eta jende gehiagori eragiten dio\u201d: Carmen Mu\u00f1oz"},"content":{"rendered":"<p><\/p>\n<ul>\n<li><strong>Elkarrekin Podemos-IUk Udal Plan Estrategikoa aurkeztuko du datorren osoko bilkurara, egoerari aurre egiteko<\/strong><\/li>\n<\/ul>\n<p>Podemos, Ezker Anitza-IU eta Equo Berdeak alderdiek osatutako koalizioak nahi ez den bakardadeari aurre egiteko proposamena aurkeztu du. Ekimenak udal plan estrategiko bat sortzea proposatzen du, egungo egoeraren diagnostikoa oinarri hartuta, eta Bilbon inplikatuta dauden sektore eta eragile guztien parte-hartzea izango du. Era berean, eskura jarri nahi du bere eskumeneko zerbitzu publiko guztiei arazo horri modu integralean aurre egiteko beharrezkoak diren giza baliabideak eta baliabide materialak.<\/p>\n<p>Koalizioko Carmen Mu\u00f1oz zinegotziak hau adierazi du: \u201cnahi ez den bakardadea gero eta kezkagarriagoa da gizartearen eta osasun publikoaren ikuspegitik\u201d. \u201cGero eta jende gehiagori eragiten dion arazo isila da\u201d, azaldu du.<\/p>\n<p><a href=\"https:\/\/euskadi.partidoequo.es\/wp-content\/uploads\/2022\/11\/voluntarios-2022-2-Post-para-Twitter-con-frases-Post-para-Twitter-con-frases-Post-para-Instagram-cuadrado-1100-\u00d7-200-px-Post-para-Twitter-con-frases.png\"><img loading=\"lazy\" decoding=\"async\" class=\"size-medium wp-image-64961 alignleft\" src=\"https:\/\/euskadi.partidoequo.es\/wp-content\/uploads\/2022\/11\/voluntarios-2022-2-Post-para-Twitter-con-frases-Post-para-Twitter-con-frases-Post-para-Instagram-cuadrado-1100-\u00d7-200-px-Post-para-Twitter-con-frases-300x169.png\" alt=\"\" width=\"300\" height=\"169\" srcset=\"https:\/\/euskadi.verdesequo.es\/wp-content\/uploads\/2022\/11\/voluntarios-2022-2-Post-para-Twitter-con-frases-Post-para-Twitter-con-frases-Post-para-Instagram-cuadrado-1100-\u00d7-200-px-Post-para-Twitter-con-frases-300x169.png 300w, https:\/\/euskadi.verdesequo.es\/wp-content\/uploads\/2022\/11\/voluntarios-2022-2-Post-para-Twitter-con-frases-Post-para-Twitter-con-frases-Post-para-Instagram-cuadrado-1100-\u00d7-200-px-Post-para-Twitter-con-frases-1024x576.png 1024w, https:\/\/euskadi.verdesequo.es\/wp-content\/uploads\/2022\/11\/voluntarios-2022-2-Post-para-Twitter-con-frases-Post-para-Twitter-con-frases-Post-para-Instagram-cuadrado-1100-\u00d7-200-px-Post-para-Twitter-con-frases-768x432.png 768w, https:\/\/euskadi.verdesequo.es\/wp-content\/uploads\/2022\/11\/voluntarios-2022-2-Post-para-Twitter-con-frases-Post-para-Twitter-con-frases-Post-para-Instagram-cuadrado-1100-\u00d7-200-px-Post-para-Twitter-con-frases-1536x864.png 1536w, https:\/\/euskadi.verdesequo.es\/wp-content\/uploads\/2022\/11\/voluntarios-2022-2-Post-para-Twitter-con-frases-Post-para-Twitter-con-frases-Post-para-Instagram-cuadrado-1100-\u00d7-200-px-Post-para-Twitter-con-frases-1110x624.png 1110w, https:\/\/euskadi.verdesequo.es\/wp-content\/uploads\/2022\/11\/voluntarios-2022-2-Post-para-Twitter-con-frases-Post-para-Twitter-con-frases-Post-para-Instagram-cuadrado-1100-\u00d7-200-px-Post-para-Twitter-con-frases-528x297.png 528w, https:\/\/euskadi.verdesequo.es\/wp-content\/uploads\/2022\/11\/voluntarios-2022-2-Post-para-Twitter-con-frases-Post-para-Twitter-con-frases-Post-para-Instagram-cuadrado-1100-\u00d7-200-px-Post-para-Twitter-con-frases.png 1600w\" sizes=\"auto, (max-width: 300px) 100vw, 300px\" \/><\/a><\/p>\n<p>EUSTATen datuen arabera, bakarrik bizi diren 147.000 pertsonetatik % 58 emakumeak dira. Mu\u00f1ozek azaldu duenez, \u201cBilbon etxebizitzen %32an pertsona bakarra bizi da\u201d.<\/p>\n<p>Zinegotziak adierazi duenez, \u201cnahi ez den bakardadeak ez die soilik adinekoei eragiten\u201d. 65 urtetik aurrera prebalentzia handiagoa bada ere, EHUren azterlan baten arabera, 25 eta 44 urte bitartekoen osasunari eragiten dio gehien.<\/p>\n<p>Elkarrekin Podemos-IUk erregistratutako testuak adierazten duenez, \u201carazo hori sufrimendu-iturri bat da, pertsonek gizartean parte hartzeko duten eskubidea mugatzen duena eta osasunari eragiten diona, ondorio negatiboekin\u201d.<\/p>\n<p>Hurrengo osoko bilkuran eztabaidatuko den neurriak arazo hori arintzeko balio behar duela dio Mu\u00f1ozek. \u201cHorregatik, osoko bilkura osatzen duten talde politikoen babesa izatea espero dugu, ekimen hau aurrera atera dadin\u201d, adierazi du.<\/p>\n<p>&nbsp;<\/p>\n<ul>\n<li><strong>Elkarrekin Podemos-IUk Udal Plan Estrategikoa aurkeztuko du datorren osoko bilkurara, egoerari aurre egiteko<\/strong><\/li>\n<\/ul>\n<p>Podemos, Ezker Anitza-IU eta Equo Berdeak alderdiek osatutako koalizioak nahi ez den bakardadeari aurre egiteko proposamena aurkeztu du. Ekimenak udal plan estrategiko bat sortzea proposatzen du, egungo egoeraren diagnostikoa oinarri hartuta, eta Bilbon inplikatuta dauden sektore eta eragile guztien parte-hartzea izango du. Era berean, eskura jarri nahi du bere eskumeneko zerbitzu publiko guztiei arazo horri modu integralean aurre egiteko beharrezkoak diren giza baliabideak eta baliabide materialak.<\/p>\n<p>Koalizioko Carmen Mu\u00f1oz zinegotziak hau adierazi du: \u201cnahi ez den bakardadea gero eta kezkagarriagoa da gizartearen eta osasun publikoaren ikuspegitik\u201d. \u201cGero eta jende gehiagori eragiten dion arazo isila da\u201d, azaldu du.<\/p>\n<p><a href=\"https:\/\/euskadi.partidoequo.es\/wp-content\/uploads\/2022\/11\/voluntarios-2022-2-Post-para-Twitter-con-frases-Post-para-Twitter-con-frases-Post-para-Instagram-cuadrado-1100-\u00d7-200-px-Post-para-Twitter-con-frases.png\"><img loading=\"lazy\" decoding=\"async\" class=\"size-medium wp-image-64961 alignleft\" src=\"https:\/\/euskadi.partidoequo.es\/wp-content\/uploads\/2022\/11\/voluntarios-2022-2-Post-para-Twitter-con-frases-Post-para-Twitter-con-frases-Post-para-Instagram-cuadrado-1100-\u00d7-200-px-Post-para-Twitter-con-frases-300x169.png\" alt=\"\" width=\"300\" height=\"169\" srcset=\"https:\/\/euskadi.verdesequo.es\/wp-content\/uploads\/2022\/11\/voluntarios-2022-2-Post-para-Twitter-con-frases-Post-para-Twitter-con-frases-Post-para-Instagram-cuadrado-1100-\u00d7-200-px-Post-para-Twitter-con-frases-300x169.png 300w, https:\/\/euskadi.verdesequo.es\/wp-content\/uploads\/2022\/11\/voluntarios-2022-2-Post-para-Twitter-con-frases-Post-para-Twitter-con-frases-Post-para-Instagram-cuadrado-1100-\u00d7-200-px-Post-para-Twitter-con-frases-1024x576.png 1024w, https:\/\/euskadi.verdesequo.es\/wp-content\/uploads\/2022\/11\/voluntarios-2022-2-Post-para-Twitter-con-frases-Post-para-Twitter-con-frases-Post-para-Instagram-cuadrado-1100-\u00d7-200-px-Post-para-Twitter-con-frases-768x432.png 768w, https:\/\/euskadi.verdesequo.es\/wp-content\/uploads\/2022\/11\/voluntarios-2022-2-Post-para-Twitter-con-frases-Post-para-Twitter-con-frases-Post-para-Instagram-cuadrado-1100-\u00d7-200-px-Post-para-Twitter-con-frases-1536x864.png 1536w, https:\/\/euskadi.verdesequo.es\/wp-content\/uploads\/2022\/11\/voluntarios-2022-2-Post-para-Twitter-con-frases-Post-para-Twitter-con-frases-Post-para-Instagram-cuadrado-1100-\u00d7-200-px-Post-para-Twitter-con-frases-1110x624.png 1110w, https:\/\/euskadi.verdesequo.es\/wp-content\/uploads\/2022\/11\/voluntarios-2022-2-Post-para-Twitter-con-frases-Post-para-Twitter-con-frases-Post-para-Instagram-cuadrado-1100-\u00d7-200-px-Post-para-Twitter-con-frases-528x297.png 528w, https:\/\/euskadi.verdesequo.es\/wp-content\/uploads\/2022\/11\/voluntarios-2022-2-Post-para-Twitter-con-frases-Post-para-Twitter-con-frases-Post-para-Instagram-cuadrado-1100-\u00d7-200-px-Post-para-Twitter-con-frases.png 1600w\" sizes=\"auto, (max-width: 300px) 100vw, 300px\" \/><\/a><\/p>\n<p>EUSTATen datuen arabera, bakarrik bizi diren 147.000 pertsonetatik % 58 emakumeak dira. Mu\u00f1ozek azaldu duenez, \u201cBilbon etxebizitzen %32an pertsona bakarra bizi da\u201d.<\/p>\n<p>Zinegotziak adierazi duenez, \u201cnahi ez den bakardadeak ez die soilik adinekoei eragiten\u201d. 65 urtetik aurrera prebalentzia handiagoa bada ere, EHUren azterlan baten arabera, 25 eta 44 urte bitartekoen osasunari eragiten dio gehien.<\/p>\n<p>Elkarrekin Podemos-IUk erregistratutako testuak adierazten duenez, \u201carazo hori sufrimendu-iturri bat da, pertsonek gizartean parte hartzeko duten eskubidea mugatzen duena eta osasunari eragiten diona, ondorio negatiboekin\u201d.<\/p>\n<p>Hurrengo osoko bilkuran eztabaidatuko den neurriak arazo hori arintzeko balio behar duela dio Mu\u00f1ozek. \u201cHorregatik, osoko bilkura osatzen duten talde politikoen babesa izatea espero dugu, ekimen hau aurrera atera dadin\u201d, adierazi du.<\/p>\n<ul>\n<li><strong>\u00a0<\/strong><strong>Elkarrekin lleva al pr\u00f3ximo pleno de Bilbao un Plan Estrat\u00e9gico Municipal para hacer frente a la situaci\u00f3n<\/strong><\/li>\n<\/ul>\n<p>La coalici\u00f3n formada por Podemos, Ezker Anitza-IU y Berdeak EQUO ha registrado una proposici\u00f3n para combatir la soledad deseada. La iniciativa propone elaborar un plan estrat\u00e9gico municipal a partir de un diagn\u00f3stico de la situaci\u00f3n actual, contando con la participaci\u00f3n de todos los sectores y agentes implicados en Bilbao. Tambi\u00e9n pretende dotar a todos los servicios p\u00fablicos de su competencia de los recursos, tanto humanos como materiales, necesarios para abordar de forma integral este problema.<\/p>\n<p>La concejala de la coalici\u00f3n Carmen Mu\u00f1oz se\u00f1ala que \u201cla soledad no deseada es un tema de creciente preocupaci\u00f3n desde un punto de vista social y de salud p\u00fablica\u201d. \u201cSe trata de un problema silencioso que cada vez afecta a m\u00e1s personas\u201d, comenta.<\/p>\n<p>Seg\u00fan datos de EUSTAT,\u00a0 el 58% de las m\u00e1s de 147.000 personas que viven solas son mujeres. \u201cEn Bilbao, el 32% de las viviendas ya est\u00e1n ocupadas por una sola persona\u201d, explica Mu\u00f1oz.<\/p>\n<p><a href=\"https:\/\/euskadi.partidoequo.es\/wp-content\/uploads\/2022\/11\/voluntarios-2022-2-Post-para-Twitter-con-frases-Post-para-Twitter-con-frases-Post-para-Instagram-cuadrado-1100-\u00d7-200-px-Post-para-Twitter-con-frases.png\"><img loading=\"lazy\" decoding=\"async\" class=\"size-medium wp-image-64961 alignleft\" src=\"https:\/\/euskadi.partidoequo.es\/wp-content\/uploads\/2022\/11\/voluntarios-2022-2-Post-para-Twitter-con-frases-Post-para-Twitter-con-frases-Post-para-Instagram-cuadrado-1100-\u00d7-200-px-Post-para-Twitter-con-frases-300x169.png\" alt=\"\" width=\"300\" height=\"169\" srcset=\"https:\/\/euskadi.verdesequo.es\/wp-content\/uploads\/2022\/11\/voluntarios-2022-2-Post-para-Twitter-con-frases-Post-para-Twitter-con-frases-Post-para-Instagram-cuadrado-1100-\u00d7-200-px-Post-para-Twitter-con-frases-300x169.png 300w, https:\/\/euskadi.verdesequo.es\/wp-content\/uploads\/2022\/11\/voluntarios-2022-2-Post-para-Twitter-con-frases-Post-para-Twitter-con-frases-Post-para-Instagram-cuadrado-1100-\u00d7-200-px-Post-para-Twitter-con-frases-1024x576.png 1024w, https:\/\/euskadi.verdesequo.es\/wp-content\/uploads\/2022\/11\/voluntarios-2022-2-Post-para-Twitter-con-frases-Post-para-Twitter-con-frases-Post-para-Instagram-cuadrado-1100-\u00d7-200-px-Post-para-Twitter-con-frases-768x432.png 768w, https:\/\/euskadi.verdesequo.es\/wp-content\/uploads\/2022\/11\/voluntarios-2022-2-Post-para-Twitter-con-frases-Post-para-Twitter-con-frases-Post-para-Instagram-cuadrado-1100-\u00d7-200-px-Post-para-Twitter-con-frases-1536x864.png 1536w, https:\/\/euskadi.verdesequo.es\/wp-content\/uploads\/2022\/11\/voluntarios-2022-2-Post-para-Twitter-con-frases-Post-para-Twitter-con-frases-Post-para-Instagram-cuadrado-1100-\u00d7-200-px-Post-para-Twitter-con-frases-1110x624.png 1110w, https:\/\/euskadi.verdesequo.es\/wp-content\/uploads\/2022\/11\/voluntarios-2022-2-Post-para-Twitter-con-frases-Post-para-Twitter-con-frases-Post-para-Instagram-cuadrado-1100-\u00d7-200-px-Post-para-Twitter-con-frases-528x297.png 528w, https:\/\/euskadi.verdesequo.es\/wp-content\/uploads\/2022\/11\/voluntarios-2022-2-Post-para-Twitter-con-frases-Post-para-Twitter-con-frases-Post-para-Instagram-cuadrado-1100-\u00d7-200-px-Post-para-Twitter-con-frases.png 1600w\" sizes=\"auto, (max-width: 300px) 100vw, 300px\" \/><\/a>\u201cLa soledad no deseada no afecta s\u00f3lo a mayores\u201d, se\u00f1ala la concejala. Aunque la prevalencia es m\u00e1s alta a partir de lso 65 a\u00f1os, seg\u00fan un estudio de la EHU\/UPV, afecta de manera m\u00e1s acusada a la salud de las personas de entre 25 y 44 a\u00f1os.<\/p>\n<p>El texto registrado por Elkarrekin Podemos-IU indica que este problema supone \u201cuna fuente de sufrimiento\u201d que limita \u201cel derecho de las personas a la participaci\u00f3n en la sociedad\u201d y afecta a la salud con \u201cconsecuencias negativas\u201d.<\/p>\n<p>La medida que se debatir\u00e1 en el pr\u00f3ximo pleno afirma Mu\u00f1oz que \u201cdebe servir para paliar este problema\u201d. \u201cEs un reto para las administraciones p\u00fablicas, por eso esperamos contar con el apoyo de los distintos grupos pol\u00edticos que conforman el pleno para que esta iniciativa salga adelante\u201d, se\u00f1ala.<\/p>\n<ul>\n<li><strong>Elkarrekin Podemos-IUk Udal Plan Estrategikoa aurkeztuko du datorren osoko bilkurara, egoerari aurre egiteko<\/strong><\/li>\n<\/ul>\n<p>Podemos, Ezker Anitza-IU eta Equo Berdeak alderdiek osatutako koalizioak nahi ez den bakardadeari aurre egiteko proposamena aurkeztu du. Ekimenak udal plan estrategiko bat sortzea proposatzen du, egungo egoeraren diagnostikoa oinarri hartuta, eta Bilbon inplikatuta dauden sektore eta eragile guztien parte-hartzea izango du. Era berean, eskura jarri nahi du bere eskumeneko zerbitzu publiko guztiei arazo horri modu integralean aurre egiteko beharrezkoak diren giza baliabideak eta baliabide materialak.<\/p>\n<p>Koalizioko Carmen Mu\u00f1oz zinegotziak hau adierazi du: \u201cnahi ez den bakardadea gero eta kezkagarriagoa da gizartearen eta osasun publikoaren ikuspegitik\u201d. \u201cGero eta jende gehiagori eragiten dion arazo isila da\u201d, azaldu du.<\/p>\n<p><a href=\"https:\/\/euskadi.partidoequo.es\/wp-content\/uploads\/2022\/11\/voluntarios-2022-2-Post-para-Twitter-con-frases-Post-para-Twitter-con-frases-Post-para-Instagram-cuadrado-1100-\u00d7-200-px-Post-para-Twitter-con-frases.png\"><img loading=\"lazy\" decoding=\"async\" class=\"size-medium wp-image-64961 alignleft\" src=\"https:\/\/euskadi.partidoequo.es\/wp-content\/uploads\/2022\/11\/voluntarios-2022-2-Post-para-Twitter-con-frases-Post-para-Twitter-con-frases-Post-para-Instagram-cuadrado-1100-\u00d7-200-px-Post-para-Twitter-con-frases-300x169.png\" alt=\"\" width=\"300\" height=\"169\" srcset=\"https:\/\/euskadi.verdesequo.es\/wp-content\/uploads\/2022\/11\/voluntarios-2022-2-Post-para-Twitter-con-frases-Post-para-Twitter-con-frases-Post-para-Instagram-cuadrado-1100-\u00d7-200-px-Post-para-Twitter-con-frases-300x169.png 300w, https:\/\/euskadi.verdesequo.es\/wp-content\/uploads\/2022\/11\/voluntarios-2022-2-Post-para-Twitter-con-frases-Post-para-Twitter-con-frases-Post-para-Instagram-cuadrado-1100-\u00d7-200-px-Post-para-Twitter-con-frases-1024x576.png 1024w, https:\/\/euskadi.verdesequo.es\/wp-content\/uploads\/2022\/11\/voluntarios-2022-2-Post-para-Twitter-con-frases-Post-para-Twitter-con-frases-Post-para-Instagram-cuadrado-1100-\u00d7-200-px-Post-para-Twitter-con-frases-768x432.png 768w, https:\/\/euskadi.verdesequo.es\/wp-content\/uploads\/2022\/11\/voluntarios-2022-2-Post-para-Twitter-con-frases-Post-para-Twitter-con-frases-Post-para-Instagram-cuadrado-1100-\u00d7-200-px-Post-para-Twitter-con-frases-1536x864.png 1536w, https:\/\/euskadi.verdesequo.es\/wp-content\/uploads\/2022\/11\/voluntarios-2022-2-Post-para-Twitter-con-frases-Post-para-Twitter-con-frases-Post-para-Instagram-cuadrado-1100-\u00d7-200-px-Post-para-Twitter-con-frases-1110x624.png 1110w, https:\/\/euskadi.verdesequo.es\/wp-content\/uploads\/2022\/11\/voluntarios-2022-2-Post-para-Twitter-con-frases-Post-para-Twitter-con-frases-Post-para-Instagram-cuadrado-1100-\u00d7-200-px-Post-para-Twitter-con-frases-528x297.png 528w, https:\/\/euskadi.verdesequo.es\/wp-content\/uploads\/2022\/11\/voluntarios-2022-2-Post-para-Twitter-con-frases-Post-para-Twitter-con-frases-Post-para-Instagram-cuadrado-1100-\u00d7-200-px-Post-para-Twitter-con-frases.png 1600w\" sizes=\"auto, (max-width: 300px) 100vw, 300px\" \/><\/a><\/p>\n<p>EUSTATen datuen arabera, bakarrik bizi diren 147.000 pertsonetatik % 58 emakumeak dira. Mu\u00f1ozek azaldu duenez, \u201cBilbon etxebizitzen %32an pertsona bakarra bizi da\u201d.<\/p>\n<p>Zinegotziak adierazi duenez, \u201cnahi ez den bakardadeak ez die soilik adinekoei eragiten\u201d. 65 urtetik aurrera prebalentzia handiagoa bada ere, EHUren azterlan baten arabera, 25 eta 44 urte bitartekoen osasunari eragiten dio gehien.<\/p>\n<p>Elkarrekin Podemos-IUk erregistratutako testuak adierazten duenez, \u201carazo hori sufrimendu-iturri bat da, pertsonek gizartean parte hartzeko duten eskubidea mugatzen duena eta osasunari eragiten diona, ondorio negatiboekin\u201d.<\/p>\n<p>Hurrengo osoko bilkuran eztabaidatuko den neurriak arazo hori arintzeko balio behar duela dio Mu\u00f1ozek. \u201cHorregatik, osoko bilkura osatzen duten talde politikoen babesa izatea espero dugu, ekimen hau aurrera atera dadin\u201d, adierazi du.<\/p>\n<p>&nbsp;<\/p>","protected":false},"excerpt":{"rendered":"<p>Elkarrekin Podemos-IUk Udal Plan Estrategikoa aurkeztuko du datorren osoko bilkurara, egoerari aurre egiteko Podemos, Ezker Anitza-IU eta Equo Berdeak alderdiek osatutako koalizioak nahi ez den bakardadeari aurre egiteko proposamena aurkeztu du. Ekimenak udal plan estrategiko bat sortzea proposatzen du, egungo egoeraren diagnostikoa oinarri hartuta, eta Bilbon inplikatuta dauden sektore eta eragile guztien parte-hartzea izango du. [&hellip;]<\/p>\n","protected":false},"author":1,"featured_media":64961,"comment_status":"open","ping_status":"open","sticky":false,"template":"","format":"standard","meta":{"footnotes":""},"categories":[879],"tags":[2308,2470],"class_list":{"0":"post-64960","1":"post","2":"type-post","3":"status-publish","4":"format-standard","5":"has-post-thumbnail","7":"category-vizcaya","8":"tag-berdeak-equo","9":"tag-soledad-no-deseada","10":"czr-hentry"},"aioseo_notices":[],"_links":{"self":[{"href":"https:\/\/euskadi.verdesequo.es\/EU\/wp-json\/wp\/v2\/posts\/64960","targetHints":{"allow":["GET"]}}],"collection":[{"href":"https:\/\/euskadi.verdesequo.es\/EU\/wp-json\/wp\/v2\/posts"}],"about":[{"href":"https:\/\/euskadi.verdesequo.es\/EU\/wp-json\/wp\/v2\/types\/post"}],"author":[{"embeddable":true,"href":"https:\/\/euskadi.verdesequo.es\/EU\/wp-json\/wp\/v2\/users\/1"}],"replies":[{"embeddable":true,"href":"https:\/\/euskadi.verdesequo.es\/EU\/wp-json\/wp\/v2\/comments?post=64960"}],"version-history":[{"count":3,"href":"https:\/\/euskadi.verdesequo.es\/EU\/wp-json\/wp\/v2\/posts\/64960\/revisions"}],"predecessor-version":[{"id":64964,"href":"https:\/\/euskadi.verdesequo.es\/EU\/wp-json\/wp\/v2\/posts\/64960\/revisions\/64964"}],"wp:featuredmedia":[{"embeddable":true,"href":"https:\/\/euskadi.verdesequo.es\/EU\/wp-json\/wp\/v2\/media\/64961"}],"wp:attachment":[{"href":"https:\/\/euskadi.verdesequo.es\/EU\/wp-json\/wp\/v2\/media?parent=64960"}],"wp:term":[{"taxonomy":"category","embeddable":true,"href":"https:\/\/euskadi.verdesequo.es\/EU\/wp-json\/wp\/v2\/categories?post=64960"},{"taxonomy":"post_tag","embeddable":true,"href":"https:\/\/euskadi.verdesequo.es\/EU\/wp-json\/wp\/v2\/tags?post=64960"}],"curies":[{"name":"wp","href":"https:\/\/api.w.org\/{rel}","templated":true}]}}