{"id":64944,"date":"2022-11-18T12:36:03","date_gmt":"2022-11-18T11:36:03","guid":{"rendered":"https:\/\/euskadi.partidoequo.es\/?p=64944"},"modified":"2022-11-18T12:36:03","modified_gmt":"2022-11-18T11:36:03","slug":"vitoria-implantara-mas-puntos-de-recarga-para-coches-electricos-en-los-aparcamientos-publicos-tras-una-iniciativa-de-nuestro-concejal-oscar-fernandez","status":"publish","type":"post","link":"https:\/\/euskadi.verdesequo.es\/EU\/2022\/11\/18\/vitoria-implantara-mas-puntos-de-recarga-para-coches-electricos-en-los-aparcamientos-publicos-tras-una-iniciativa-de-nuestro-concejal-oscar-fernandez\/","title":{"rendered":"(Castellano) Vitoria implantar\u00e1 m\u00e1s puntos de recarga para coches el\u00e9ctricos en los aparcamientos p\u00fablicos tras una iniciativa de nuestro concejal \u00d3scar Fern\u00e1ndez"},"content":{"rendered":"<p class=\"qtranxs-available-languages-message qtranxs-available-languages-message-EU\">Barkatu, hau ez dago euskararaturik oraindik...<\/p>","protected":false},"excerpt":{"rendered":"<p>Barkatu, hau ez dago euskararaturik oraindik&#8230;<\/p>\n","protected":false},"author":1,"featured_media":64945,"comment_status":"open","ping_status":"open","sticky":false,"template":"","format":"standard","meta":{"footnotes":""},"categories":[880],"tags":[],"class_list":{"0":"post-64944","1":"post","2":"type-post","3":"status-publish","4":"format-standard","5":"has-post-thumbnail","7":"category-alava","8":"czr-hentry"},"aioseo_notices":[],"_links":{"self":[{"href":"https:\/\/euskadi.verdesequo.es\/EU\/wp-json\/wp\/v2\/posts\/64944","targetHints":{"allow":["GET"]}}],"collection":[{"href":"https:\/\/euskadi.verdesequo.es\/EU\/wp-json\/wp\/v2\/posts"}],"about":[{"href":"https:\/\/euskadi.verdesequo.es\/EU\/wp-json\/wp\/v2\/types\/post"}],"author":[{"embeddable":true,"href":"https:\/\/euskadi.verdesequo.es\/EU\/wp-json\/wp\/v2\/users\/1"}],"replies":[{"embeddable":true,"href":"https:\/\/euskadi.verdesequo.es\/EU\/wp-json\/wp\/v2\/comments?post=64944"}],"version-history":[{"count":1,"href":"https:\/\/euskadi.verdesequo.es\/EU\/wp-json\/wp\/v2\/posts\/64944\/revisions"}],"predecessor-version":[{"id":64946,"href":"https:\/\/euskadi.verdesequo.es\/EU\/wp-json\/wp\/v2\/posts\/64944\/revisions\/64946"}],"wp:featuredmedia":[{"embeddable":true,"href":"https:\/\/euskadi.verdesequo.es\/EU\/wp-json\/wp\/v2\/media\/64945"}],"wp:attachment":[{"href":"https:\/\/euskadi.verdesequo.es\/EU\/wp-json\/wp\/v2\/media?parent=64944"}],"wp:term":[{"taxonomy":"category","embeddable":true,"href":"https:\/\/euskadi.verdesequo.es\/EU\/wp-json\/wp\/v2\/categories?post=64944"},{"taxonomy":"post_tag","embeddable":true,"href":"https:\/\/euskadi.verdesequo.es\/EU\/wp-json\/wp\/v2\/tags?post=64944"}],"curies":[{"name":"wp","href":"https:\/\/api.w.org\/{rel}","templated":true}]}}