{"id":64941,"date":"2022-10-29T11:33:31","date_gmt":"2022-10-29T09:33:31","guid":{"rendered":"https:\/\/euskadi.partidoequo.es\/?p=64941"},"modified":"2022-11-18T11:46:47","modified_gmt":"2022-11-18T10:46:47","slug":"berdeak-equo-y-mas-euskadi-plantean-enmiendas-a-los-presupuestos-de-sanchez-centradas-en-la-mejora-del-ferrocarril-de-cercanias-y-larga-distancia-en-la-cav-y-en-la-atencion-a-las-personas-sin-hogar","status":"publish","type":"post","link":"https:\/\/euskadi.verdesequo.es\/EU\/2022\/10\/29\/berdeak-equo-y-mas-euskadi-plantean-enmiendas-a-los-presupuestos-de-sanchez-centradas-en-la-mejora-del-ferrocarril-de-cercanias-y-larga-distancia-en-la-cav-y-en-la-atencion-a-las-personas-sin-hogar\/","title":{"rendered":"(Castellano) Berdeak EQUO y M\u00e1s Euskadi plantean enmiendas a los Presupuestos de S\u00e1nchez centradas en la mejora del ferrocarril de cercan\u00edas y larga distancia en la CAV y en la atenci\u00f3n a las personas sin hogar"},"content":{"rendered":"<p class=\"qtranxs-available-languages-message qtranxs-available-languages-message-EU\">Barkatu, hau ez dago euskararaturik oraindik...<\/p>","protected":false},"excerpt":{"rendered":"<p>Barkatu, hau ez dago euskararaturik oraindik&#8230;<\/p>\n","protected":false},"author":1,"featured_media":64942,"comment_status":"open","ping_status":"open","sticky":false,"template":"","format":"standard","meta":{"footnotes":""},"categories":[],"tags":[2308,2467],"class_list":{"0":"post-64941","1":"post","2":"type-post","3":"status-publish","4":"format-standard","5":"has-post-thumbnail","7":"tag-berdeak-equo","8":"tag-presupuestos-generales-del-estado-2023","9":"czr-hentry"},"aioseo_notices":[],"_links":{"self":[{"href":"https:\/\/euskadi.verdesequo.es\/EU\/wp-json\/wp\/v2\/posts\/64941","targetHints":{"allow":["GET"]}}],"collection":[{"href":"https:\/\/euskadi.verdesequo.es\/EU\/wp-json\/wp\/v2\/posts"}],"about":[{"href":"https:\/\/euskadi.verdesequo.es\/EU\/wp-json\/wp\/v2\/types\/post"}],"author":[{"embeddable":true,"href":"https:\/\/euskadi.verdesequo.es\/EU\/wp-json\/wp\/v2\/users\/1"}],"replies":[{"embeddable":true,"href":"https:\/\/euskadi.verdesequo.es\/EU\/wp-json\/wp\/v2\/comments?post=64941"}],"version-history":[{"count":1,"href":"https:\/\/euskadi.verdesequo.es\/EU\/wp-json\/wp\/v2\/posts\/64941\/revisions"}],"predecessor-version":[{"id":64943,"href":"https:\/\/euskadi.verdesequo.es\/EU\/wp-json\/wp\/v2\/posts\/64941\/revisions\/64943"}],"wp:featuredmedia":[{"embeddable":true,"href":"https:\/\/euskadi.verdesequo.es\/EU\/wp-json\/wp\/v2\/media\/64942"}],"wp:attachment":[{"href":"https:\/\/euskadi.verdesequo.es\/EU\/wp-json\/wp\/v2\/media?parent=64941"}],"wp:term":[{"taxonomy":"category","embeddable":true,"href":"https:\/\/euskadi.verdesequo.es\/EU\/wp-json\/wp\/v2\/categories?post=64941"},{"taxonomy":"post_tag","embeddable":true,"href":"https:\/\/euskadi.verdesequo.es\/EU\/wp-json\/wp\/v2\/tags?post=64941"}],"curies":[{"name":"wp","href":"https:\/\/api.w.org\/{rel}","templated":true}]}}