{"id":64914,"date":"2022-10-18T12:12:23","date_gmt":"2022-10-18T10:12:23","guid":{"rendered":"https:\/\/euskadi.partidoequo.es\/?p=64914"},"modified":"2022-10-18T12:12:23","modified_gmt":"2022-10-18T10:12:23","slug":"presentamos-una-iniciativa-en-bilbao-para-la-prevencion-del-cancer-de-mama","status":"publish","type":"post","link":"https:\/\/euskadi.verdesequo.es\/EU\/2022\/10\/18\/presentamos-una-iniciativa-en-bilbao-para-la-prevencion-del-cancer-de-mama\/","title":{"rendered":"Bularreko minbizia prebenitzeko ekimena aurkeztu dugu Bilbon"},"content":{"rendered":"<p>[EU] Elkarrekin Podemos-IU, Ezker Anitza-IU eta Equo Berdeak taldeek osatutako koalizioak, bularreko minbizia prebenitzeko proposamena aurkeztuko du hurrengo udalbatzara. Batetik, nerabe, gazte eta helduentzako udal-programak abian jartzea proposatzen dute, eta, bestetik, prebentzio-estrategia bat txertatzea Bilboko Udalaren II. Osasun Planean.<\/p>\n<p>Elkarrekin Podemos-IUko Carmen Mu\u00f1oz zinegotziak hauxe adierazi du: \u201cBilbok sentsibilizazioan ibilbide luzea duen arren, eta urriaren 19a dela-eta hainbat jardueratan laguntzen duen arren, ekintza puntualetatik haratago, urrats gehigarriak eman behar dira prebentzioan bularreko minbiziaren aurkako estrategian\u201d.<\/p>\n<p>Koalizioak gogora ekarri duenaren arabera, gaixotasun hori da emakumeen heriotza-kausa nagusia mundu osoan, emakumeengan sortzen diren minbizi guztien % 16 baitira. Euskadin, bularreko minbizia pazienteen artean diagnostikatutako lehenengo hiruren artean dago, 2020 urteko datuen arabera, eta heriotza gehien eragiten dituzten tumoreen artean bosgarrena da.<\/p>\n<p>La coalici\u00f3n formada por Podemos, Ezker Anitza-IU y Equo Berdeak llevar\u00e1 al pr\u00f3ximo pleno municipal una proposici\u00f3n dirigida a la prevenci\u00f3n del c\u00e1ncer de mama. La iniciativa consiste, por un lado, en la puesta en marcha de programas municipales dirigidos a personas adolescentes, j\u00f3venes y adultas, y, por otro, en incorporar una estrategia preventiva en el II Plan de salud del Ayuntamiento de Bilbao.<\/p>\n<p>La concejala\u00a0 Carmen Mu\u00f1oz se\u00f1ala que, aunque Bilbao tiene una larga trayectoria en la sensibilizaci\u00f3n y colabora con motivo del 19 de octubre con diferentes actividades, \u201cm\u00e1s all\u00e1 de las acciones puntuales, se deben dar pasos adicionales en la prevenci\u00f3n en una estrategia contra el c\u00e1ncer de mama\u201d.<\/p>\n<p>Tal y como recuerdan desde la coalici\u00f3n, esta enfermedad constituye la primera causa de muerte en la poblaci\u00f3n femenina a nivel mundial, representando el 16% de todos los c\u00e1nceres en mujeres. Situ\u00e1ndose el c\u00e1ncer de mama en Euskadi entre los tres primeros diagnosticados en pacientes durante el a\u00f1o 2020 y ocupando el quinto lugar entre los tumores que provocan un mayor n\u00famero de defunciones.<\/p>","protected":false},"excerpt":{"rendered":"<p>[EU] Elkarrekin Podemos-IU, Ezker Anitza-IU eta Equo Berdeak taldeek osatutako koalizioak, bularreko minbizia prebenitzeko proposamena aurkeztuko du hurrengo udalbatzara. Batetik, nerabe, gazte eta helduentzako udal-programak abian jartzea proposatzen dute, eta, bestetik, prebentzio-estrategia bat txertatzea Bilboko Udalaren II. Osasun Planean. Elkarrekin Podemos-IUko Carmen Mu\u00f1oz zinegotziak hauxe adierazi du: \u201cBilbok sentsibilizazioan ibilbide luzea duen arren, eta urriaren [&hellip;]<\/p>\n","protected":false},"author":1,"featured_media":64915,"comment_status":"open","ping_status":"open","sticky":false,"template":"","format":"standard","meta":{"footnotes":""},"categories":[880],"tags":[],"class_list":{"0":"post-64914","1":"post","2":"type-post","3":"status-publish","4":"format-standard","5":"has-post-thumbnail","7":"category-alava","8":"czr-hentry"},"aioseo_notices":[],"_links":{"self":[{"href":"https:\/\/euskadi.verdesequo.es\/EU\/wp-json\/wp\/v2\/posts\/64914","targetHints":{"allow":["GET"]}}],"collection":[{"href":"https:\/\/euskadi.verdesequo.es\/EU\/wp-json\/wp\/v2\/posts"}],"about":[{"href":"https:\/\/euskadi.verdesequo.es\/EU\/wp-json\/wp\/v2\/types\/post"}],"author":[{"embeddable":true,"href":"https:\/\/euskadi.verdesequo.es\/EU\/wp-json\/wp\/v2\/users\/1"}],"replies":[{"embeddable":true,"href":"https:\/\/euskadi.verdesequo.es\/EU\/wp-json\/wp\/v2\/comments?post=64914"}],"version-history":[{"count":1,"href":"https:\/\/euskadi.verdesequo.es\/EU\/wp-json\/wp\/v2\/posts\/64914\/revisions"}],"predecessor-version":[{"id":64916,"href":"https:\/\/euskadi.verdesequo.es\/EU\/wp-json\/wp\/v2\/posts\/64914\/revisions\/64916"}],"wp:featuredmedia":[{"embeddable":true,"href":"https:\/\/euskadi.verdesequo.es\/EU\/wp-json\/wp\/v2\/media\/64915"}],"wp:attachment":[{"href":"https:\/\/euskadi.verdesequo.es\/EU\/wp-json\/wp\/v2\/media?parent=64914"}],"wp:term":[{"taxonomy":"category","embeddable":true,"href":"https:\/\/euskadi.verdesequo.es\/EU\/wp-json\/wp\/v2\/categories?post=64914"},{"taxonomy":"post_tag","embeddable":true,"href":"https:\/\/euskadi.verdesequo.es\/EU\/wp-json\/wp\/v2\/tags?post=64914"}],"curies":[{"name":"wp","href":"https:\/\/api.w.org\/{rel}","templated":true}]}}