{"id":64828,"date":"2022-06-08T12:40:08","date_gmt":"2022-06-08T10:40:08","guid":{"rendered":"https:\/\/euskadi.partidoequo.es\/?p=64828"},"modified":"2022-06-08T12:41:27","modified_gmt":"2022-06-08T10:41:27","slug":"reiteramos-que-la-ampliacion-de-las-instalaciones-del-bakh-es-un-desproposito-ambiental-que-provocara-danos-irreversibles-sobre-los-humedales-de-salburua","status":"publish","type":"post","link":"https:\/\/euskadi.verdesequo.es\/EU\/2022\/06\/08\/reiteramos-que-la-ampliacion-de-las-instalaciones-del-bakh-es-un-desproposito-ambiental-que-provocara-danos-irreversibles-sobre-los-humedales-de-salburua\/","title":{"rendered":"(Castellano) Reiteramos que la ampliaci\u00f3n de las instalaciones del BAKH es un desprop\u00f3sito ambiental que provocar\u00e1 da\u00f1os irreversibles sobre los Humedales de Salburua"},"content":{"rendered":"<p class=\"qtranxs-available-languages-message qtranxs-available-languages-message-EU\">Barkatu, hau ez dago euskararaturik oraindik...<\/p>","protected":false},"excerpt":{"rendered":"<p>Barkatu, hau ez dago euskararaturik oraindik&#8230;<\/p>\n","protected":false},"author":1,"featured_media":0,"comment_status":"open","ping_status":"open","sticky":false,"template":"","format":"standard","meta":{"footnotes":""},"categories":[],"tags":[2438,490,2308,2441,2440,584,2439],"class_list":{"0":"post-64828","1":"post","2":"type-post","3":"status-publish","4":"format-standard","6":"tag-ampliacion-del-bakh","7":"tag-araba","8":"tag-berdeak-equo","9":"tag-declaracion-ambiental-gobierno-vasco","10":"tag-impacto-medio-ambiental","11":"tag-oscar-fernandez","12":"tag-universidad-del-baskonia","13":"czr-hentry"},"aioseo_notices":[],"_links":{"self":[{"href":"https:\/\/euskadi.verdesequo.es\/EU\/wp-json\/wp\/v2\/posts\/64828","targetHints":{"allow":["GET"]}}],"collection":[{"href":"https:\/\/euskadi.verdesequo.es\/EU\/wp-json\/wp\/v2\/posts"}],"about":[{"href":"https:\/\/euskadi.verdesequo.es\/EU\/wp-json\/wp\/v2\/types\/post"}],"author":[{"embeddable":true,"href":"https:\/\/euskadi.verdesequo.es\/EU\/wp-json\/wp\/v2\/users\/1"}],"replies":[{"embeddable":true,"href":"https:\/\/euskadi.verdesequo.es\/EU\/wp-json\/wp\/v2\/comments?post=64828"}],"version-history":[{"count":2,"href":"https:\/\/euskadi.verdesequo.es\/EU\/wp-json\/wp\/v2\/posts\/64828\/revisions"}],"predecessor-version":[{"id":64831,"href":"https:\/\/euskadi.verdesequo.es\/EU\/wp-json\/wp\/v2\/posts\/64828\/revisions\/64831"}],"wp:attachment":[{"href":"https:\/\/euskadi.verdesequo.es\/EU\/wp-json\/wp\/v2\/media?parent=64828"}],"wp:term":[{"taxonomy":"category","embeddable":true,"href":"https:\/\/euskadi.verdesequo.es\/EU\/wp-json\/wp\/v2\/categories?post=64828"},{"taxonomy":"post_tag","embeddable":true,"href":"https:\/\/euskadi.verdesequo.es\/EU\/wp-json\/wp\/v2\/tags?post=64828"}],"curies":[{"name":"wp","href":"https:\/\/api.w.org\/{rel}","templated":true}]}}