{"id":64818,"date":"2022-02-22T11:36:00","date_gmt":"2022-02-22T10:36:00","guid":{"rendered":"https:\/\/euskadi.partidoequo.es\/?p=64818"},"modified":"2022-05-30T11:51:01","modified_gmt":"2022-05-30T09:51:01","slug":"el-consenso-social-existente-en-torno-a-la-proteccion-de-los-animales-debe-convertirse-en-consenso-politico-tal-como-conseguimos-desde-nuestro-grupo-en-la-pasada-legislatura-becerra","status":"publish","type":"post","link":"https:\/\/euskadi.verdesequo.es\/EU\/2022\/02\/22\/el-consenso-social-existente-en-torno-a-la-proteccion-de-los-animales-debe-convertirse-en-consenso-politico-tal-como-conseguimos-desde-nuestro-grupo-en-la-pasada-legislatura-becerra\/","title":{"rendered":"&#8220;El consenso social existente en torno a la protecci\u00f3n de los animales debe convertirse en consenso pol\u00edtico, tal como conseguimos desde nuestro grupo en la pasada legislatura&#8221;: Becerra"},"content":{"rendered":"<p>Nuestro coportavoz Joserra Becerra ha comparecido en la Comisi\u00f3n de Desarrollo Econ\u00f3mico e Innovaci\u00f3n del Parlamento Vasco a petici\u00f3n de EH Bildu en calidad de impulsor de la Ley de protecci\u00f3n Animal de la pasada legislatura, XI legislatura, una normativa que finalmente, el adelanto electoral impidi\u00f3 aprobar. Becerra ha trasladado sus impresiones y realizado sus aportaciones con respecto a la <a href=\"https:\/\/eataelkartea.org\/wp-content\/uploads\/Proposicion-Ley-Proteccion-Animales-CompaniaES.pdf\">Proposici\u00f3n de ley de Protecci\u00f3n de los Animales de Compa\u00f1\u00eda<\/a> que actualmente tramita la C\u00e1mara vasca.<\/p>\n<p>Becerra ha remarcado que es necesario convertir el consenso social existente en Euskadi en torno a la protecci\u00f3n de los animales en consenso pol\u00edtico.<\/p>\n<p><a href=\"https:\/\/euskadi.partidoequo.es\/wp-content\/uploads\/2022\/05\/Desktop-30-05-2022-11-45-03-793.png\"><img loading=\"lazy\" decoding=\"async\" class=\"wp-image-64819  alignleft\" src=\"https:\/\/euskadi.partidoequo.es\/wp-content\/uploads\/2022\/05\/Desktop-30-05-2022-11-45-03-793-300x158.png\" alt=\"\" width=\"532\" height=\"280\" srcset=\"https:\/\/euskadi.verdesequo.es\/wp-content\/uploads\/2022\/05\/Desktop-30-05-2022-11-45-03-793-300x158.png 300w, https:\/\/euskadi.verdesequo.es\/wp-content\/uploads\/2022\/05\/Desktop-30-05-2022-11-45-03-793-1024x541.png 1024w, https:\/\/euskadi.verdesequo.es\/wp-content\/uploads\/2022\/05\/Desktop-30-05-2022-11-45-03-793-768x406.png 768w, https:\/\/euskadi.verdesequo.es\/wp-content\/uploads\/2022\/05\/Desktop-30-05-2022-11-45-03-793.png 1204w\" sizes=\"auto, (max-width: 532px) 100vw, 532px\" \/><\/a>\u201cEs imprescindible. As\u00ed lo consideramos desde Berdeak cuando en la legislatura pasada, a iniciativa de Elkarrekin, trajimos este debate a al Parlamento. Nuestra idea en todo momento fue desarrollar una proposici\u00f3n de ley donde no hubiera un protagonismo de un grupo u otro, sino que pretendimos contrastar las opiniones con todas las instituciones, con todas las asociaciones, grupos profesionales y grupos de inter\u00e9s que fuera posible, y tratar de reflejar ese esp\u00edritu de consenso social en un texto que tuviera el mayor respaldo posible. Y no solamente dentro de la C\u00e1mara, sino, l\u00f3gicamente, tambi\u00e9n fuera de ella\u201d.<\/p>\n<p>Tambi\u00e9n ha emplazado a los grupos pol\u00edticos a que se aseguren de que las leyes\u00a0 o las regulaciones que se aprueben tengan una protecci\u00f3n integral efectiva y que se act\u00fae para evitar un mayor coste econ\u00f3mico a las arcas p\u00fablicas.<\/p>\n<p>En el siguiente enlace se acceder a la intervenci\u00f3n de Becerra en su integridad:<\/p>\n<p><a href=\"https:\/\/www.legebiltzarra.eus\/portal\/web\/eusko-legebiltzarra\/videos\/-\/reproducir\/vid?streamlegealdia=12&amp;streamorganoa=03&amp;streamdata=20220222&amp;streamdbstart=2022-02-22T13:28:59.2&amp;streamdbend=2022-02-22T13:41:35.8\">https:\/\/www.legebiltzarra.eus\/portal\/web\/eusko-legebiltzarra\/videos\/-\/reproducir\/vid?streamlegealdia=12&amp;streamorganoa=03&amp;streamdata=20220222&amp;streamdbstart=2022-02-22T13:28:59.2&amp;streamdbend=2022-02-22T13:41:35.8<\/a><\/p>","protected":false},"excerpt":{"rendered":"<p>Nuestro coportavoz Joserra Becerra ha comparecido en la Comisi\u00f3n de Desarrollo Econ\u00f3mico e Innovaci\u00f3n del Parlamento Vasco a petici\u00f3n de EH Bildu en calidad de impulsor de la Ley de protecci\u00f3n Animal de la pasada legislatura, XI legislatura, una normativa que finalmente, el adelanto electoral impidi\u00f3 aprobar. Becerra ha trasladado sus impresiones y realizado sus [&hellip;]<\/p>\n","protected":false},"author":1,"featured_media":0,"comment_status":"open","ping_status":"open","sticky":false,"template":"","format":"standard","meta":{"footnotes":""},"categories":[],"tags":[834,2221,2433],"class_list":{"0":"post-64818","1":"post","2":"type-post","3":"status-publish","4":"format-standard","6":"tag-animales","7":"tag-becerra","8":"tag-ley","9":"czr-hentry"},"aioseo_notices":[],"_links":{"self":[{"href":"https:\/\/euskadi.verdesequo.es\/EU\/wp-json\/wp\/v2\/posts\/64818","targetHints":{"allow":["GET"]}}],"collection":[{"href":"https:\/\/euskadi.verdesequo.es\/EU\/wp-json\/wp\/v2\/posts"}],"about":[{"href":"https:\/\/euskadi.verdesequo.es\/EU\/wp-json\/wp\/v2\/types\/post"}],"author":[{"embeddable":true,"href":"https:\/\/euskadi.verdesequo.es\/EU\/wp-json\/wp\/v2\/users\/1"}],"replies":[{"embeddable":true,"href":"https:\/\/euskadi.verdesequo.es\/EU\/wp-json\/wp\/v2\/comments?post=64818"}],"version-history":[{"count":1,"href":"https:\/\/euskadi.verdesequo.es\/EU\/wp-json\/wp\/v2\/posts\/64818\/revisions"}],"predecessor-version":[{"id":64820,"href":"https:\/\/euskadi.verdesequo.es\/EU\/wp-json\/wp\/v2\/posts\/64818\/revisions\/64820"}],"wp:attachment":[{"href":"https:\/\/euskadi.verdesequo.es\/EU\/wp-json\/wp\/v2\/media?parent=64818"}],"wp:term":[{"taxonomy":"category","embeddable":true,"href":"https:\/\/euskadi.verdesequo.es\/EU\/wp-json\/wp\/v2\/categories?post=64818"},{"taxonomy":"post_tag","embeddable":true,"href":"https:\/\/euskadi.verdesequo.es\/EU\/wp-json\/wp\/v2\/tags?post=64818"}],"curies":[{"name":"wp","href":"https:\/\/api.w.org\/{rel}","templated":true}]}}