{"id":64799,"date":"2022-05-19T10:23:01","date_gmt":"2022-05-19T08:23:01","guid":{"rendered":"https:\/\/euskadi.partidoequo.es\/?p=64799"},"modified":"2022-05-19T10:23:01","modified_gmt":"2022-05-19T08:23:01","slug":"berdeak-equo-propone-la-creacion-de-colmenares-urbanos-en-vitoria-gasteiz-para-acercar-la-apicultura-a-la-ciudadania-y-contribuir-a-la-conservacion-de-los-polinizadores","status":"publish","type":"post","link":"https:\/\/euskadi.verdesequo.es\/EU\/2022\/05\/19\/berdeak-equo-propone-la-creacion-de-colmenares-urbanos-en-vitoria-gasteiz-para-acercar-la-apicultura-a-la-ciudadania-y-contribuir-a-la-conservacion-de-los-polinizadores\/","title":{"rendered":"(Castellano) Berdeak EQUO propone la creaci\u00f3n de colmenares urbanos en Vitoria-Gasteiz para acercar la apicultura a la ciudadan\u00eda y contribuir a la conservaci\u00f3n de los polinizadores"},"content":{"rendered":"<ul>\n<li aria-level=\"1\">El Ayuntamiento deber\u00eda desarrollar una ordenanza propia de apicultura urbana para Vitoria-Gasteiz que permita fomentar y desarrollar esta pr\u00e1ctica con todas las garant\u00edas necesarias y el Gobierno Vasco deber\u00eda impulsar un cambio legislativo para la instalaci\u00f3n de colmenares en las ciudades<\/li>\n<li aria-level=\"1\">La iniciativa servir\u00e1 para animar a las y los j\u00f3venes a acercarse a esta actividad que necesita de un relevo profesional, ya que seg\u00fan datos de la Asociaci\u00f3n de Apicultores de Araba, Apial, el 65% de los apicultores alaveses tiene m\u00e1s de 65 a\u00f1os<\/li>\n<\/ul>\n<p>El Partido Verde de Euskadi, Berdeak EQUO, <b>coincidiendo con la celebraci\u00f3n ma\u00f1ana viernes 20 de mayo del D\u00eda Mundial de las Abejas<\/b> plantea que se e<b>xploren y valoren los cambios legislativos <\/b>pertinentes <b>para <\/b>permitir la instalaci\u00f3n de <b>colmenares urbanos en Vitoria-Gasteiz, Green Capital<\/b>,<b> de manera segura<\/b>, tal como se est\u00e1 desarrollando en muchas ciudades europeas y varias de Espa\u00f1a, entre ellas, Valencia, Barcelona, A Coru\u00f1a, M\u00e1laga, C\u00f3rdoba o Colmenar Viejo.<\/p>\n<p>Para hacer posible esta iniciativa<b> el Ayuntamiento deber\u00eda estudiar las posibilidades de desarrollar una ordenanza propia de apicultura urbana<\/b> para Vitoria-Gasteiz que permita fomentar y desarrollar esta pr\u00e1ctica con todas las garant\u00edas necesarias, regulando las condiciones de instalaci\u00f3n de colmenas, su mantenimiento y el r\u00e9gimen jur\u00eddico de su funcionamiento.<\/p>\n<p><b>La normativa auton\u00f3mica actual, sobre la que deber\u00eda asentarse la ordenanza, no recoge ninguna habilitaci\u00f3n que sirva de partida para poder elaborar esta ordenanza propia.<\/b> Dada la situaci\u00f3n, el Ayuntamiento deber\u00eda <b>instar al Gobierno Vasco a que impulse un cambio legislativo <\/b>para fomentar esta estrategia y permitir que se puedan instalar colmenares en las ciudades. <b>La C\u00e1mara vasca ya aprob\u00f3<\/b> en mayo del 2018 y <b>a iniciativa del parlamentario de Berdeak, Joserra Becerra, una declaraci\u00f3n institucional en apoyo a los planes institucionales integrales de acci\u00f3n para salvar a las abejas.<\/b><\/p>\n<p><a href=\"https:\/\/euskadi.partidoequo.es\/wp-content\/uploads\/2022\/05\/Diseno-sin-titulo4.png\"><img loading=\"lazy\" decoding=\"async\" class=\"size-medium wp-image-64800 alignleft\" src=\"https:\/\/euskadi.partidoequo.es\/wp-content\/uploads\/2022\/05\/Diseno-sin-titulo4-300x169.png\" alt=\"\" width=\"300\" height=\"169\" srcset=\"https:\/\/euskadi.verdesequo.es\/wp-content\/uploads\/2022\/05\/Diseno-sin-titulo4-300x169.png 300w, https:\/\/euskadi.verdesequo.es\/wp-content\/uploads\/2022\/05\/Diseno-sin-titulo4-1024x576.png 1024w, https:\/\/euskadi.verdesequo.es\/wp-content\/uploads\/2022\/05\/Diseno-sin-titulo4-768x432.png 768w, https:\/\/euskadi.verdesequo.es\/wp-content\/uploads\/2022\/05\/Diseno-sin-titulo4-1536x864.png 1536w, https:\/\/euskadi.verdesequo.es\/wp-content\/uploads\/2022\/05\/Diseno-sin-titulo4-1110x624.png 1110w, https:\/\/euskadi.verdesequo.es\/wp-content\/uploads\/2022\/05\/Diseno-sin-titulo4-528x297.png 528w, https:\/\/euskadi.verdesequo.es\/wp-content\/uploads\/2022\/05\/Diseno-sin-titulo4.png 1600w\" sizes=\"auto, (max-width: 300px) 100vw, 300px\" \/><\/a>El Partido Verde de Euskadi considera que esta iniciativa urbana <b>ser\u00eda de utilidad para contribuir a la preservaci\u00f3n del insecto polinizador por excelencia<\/b>. Seg\u00fan la FAO, de estos animales depende aproximadamente el 75% de los cultivos alimentarios del mundo y la reproducci\u00f3n del 90% de las plantas con flores. Pese a su importancia, las pr\u00e1cticas agr\u00edcolas intensivas y los efectos del uso de los pesticidas, la proliferaci\u00f3n de especies invasoras como la avispa asi\u00e1tica -ya presente en Araba- y el cambio clim\u00e1tico amenazan seriamente la pervivencia de esta especie vital para los humanos y el medio ambiente.<\/p>\n<p>Al mismo tiempo servir\u00eda <b>para promover la apicultura entre la ciudadan\u00eda y una oportunidad \u00fanica para visibilizar y concienciar sobre la importancia de conservar esta especie<\/b> en un espacio favorable. De hecho, este impulso a la apicultura responde a los objetivos de la Estrategia para la Conservaci\u00f3n de la Biodiversidad del municipio de Vitoria-Gasteiz.<\/p>\n<p>Tambi\u00e9n podr\u00eda <b>contribuir a animar a las y los j\u00f3venes a acercarse a esta actividad que necesita de un relevo profesional<\/b>, ya que seg\u00fan datos de la Asociaci\u00f3n de Apicultores de Araba, Apial, el 65% de los apicultores alaveses tiene m\u00e1s de 65 a\u00f1os.<\/p>\n<p><b>El partido verde se\u00f1ala con especial atenci\u00f3n el caso de Valencia<\/b> donde el movimiento conservacionista trabaja con el apoyo de la administraci\u00f3n municipal. Gracias a este acuerdo <b>en la azotea de la sede del Observatorio y en la del Museo de Ciencias Naturales<\/b> de la ciudad han llegado a convivir <b>900.000 abejas,<\/b> sin registrarse incidentes ni picaduras entre la ciudadan\u00eda.<\/p>\n<p>En esta l\u00ednea, <b>Berdeak EQUO plantea desarrollar primero <\/b>una <b>red de colmenas urbanas<\/b> a modo de proyectos piloto, empezando por <b>los edificios p\u00fablicos<\/b> que dispongan de espacios adecuados como azoteas o zonas verdes exteriores \u2013 colmenar p\u00fablico- y seguir <b>despu\u00e9s con la autorizaci\u00f3n de colmenas gestionadas por particulares en otras ubicaciones adecuadas y con todas las garant\u00edas de seguridad.<\/b><\/p>\n","protected":false},"excerpt":{"rendered":"<p>El Ayuntamiento deber\u00eda desarrollar una ordenanza propia de apicultura urbana para Vitoria-Gasteiz que permita fomentar y desarrollar esta pr\u00e1ctica con todas las garant\u00edas necesarias y el Gobierno Vasco deber\u00eda impulsar un cambio legislativo para la instalaci\u00f3n de colmenares en las ciudades La iniciativa servir\u00e1 para animar a las y los j\u00f3venes a acercarse a esta [&hellip;]<\/p>\n","protected":false},"author":1,"featured_media":0,"comment_status":"open","ping_status":"open","sticky":false,"template":"","format":"standard","meta":{"footnotes":""},"categories":[880],"tags":[2430,2432,2431,2123],"class_list":{"0":"post-64799","1":"post","2":"type-post","3":"status-publish","4":"format-standard","6":"category-alava","7":"tag-abejas","8":"tag-biodiversidad-berdeak-equo","9":"tag-colmenares-urbanos","10":"tag-vitoriagasteiz","11":"czr-hentry"},"aioseo_notices":[],"_links":{"self":[{"href":"https:\/\/euskadi.verdesequo.es\/EU\/wp-json\/wp\/v2\/posts\/64799","targetHints":{"allow":["GET"]}}],"collection":[{"href":"https:\/\/euskadi.verdesequo.es\/EU\/wp-json\/wp\/v2\/posts"}],"about":[{"href":"https:\/\/euskadi.verdesequo.es\/EU\/wp-json\/wp\/v2\/types\/post"}],"author":[{"embeddable":true,"href":"https:\/\/euskadi.verdesequo.es\/EU\/wp-json\/wp\/v2\/users\/1"}],"replies":[{"embeddable":true,"href":"https:\/\/euskadi.verdesequo.es\/EU\/wp-json\/wp\/v2\/comments?post=64799"}],"version-history":[{"count":1,"href":"https:\/\/euskadi.verdesequo.es\/EU\/wp-json\/wp\/v2\/posts\/64799\/revisions"}],"predecessor-version":[{"id":64801,"href":"https:\/\/euskadi.verdesequo.es\/EU\/wp-json\/wp\/v2\/posts\/64799\/revisions\/64801"}],"wp:attachment":[{"href":"https:\/\/euskadi.verdesequo.es\/EU\/wp-json\/wp\/v2\/media?parent=64799"}],"wp:term":[{"taxonomy":"category","embeddable":true,"href":"https:\/\/euskadi.verdesequo.es\/EU\/wp-json\/wp\/v2\/categories?post=64799"},{"taxonomy":"post_tag","embeddable":true,"href":"https:\/\/euskadi.verdesequo.es\/EU\/wp-json\/wp\/v2\/tags?post=64799"}],"curies":[{"name":"wp","href":"https:\/\/api.w.org\/{rel}","templated":true}]}}