{"id":64785,"date":"2022-05-09T13:58:59","date_gmt":"2022-05-09T11:58:59","guid":{"rendered":"https:\/\/euskadi.partidoequo.es\/?p=64785"},"modified":"2022-05-13T14:12:17","modified_gmt":"2022-05-13T12:12:17","slug":"censuramos-que-el-gobierno-de-urtaran-que-anteponga-intereses-particulares-a-la-proteccion-del-patrimonio-al-iniciar-la-rebaja-de-la-proteccion-de-la-emblematica-casa-de-los-alfaro","status":"publish","type":"post","link":"https:\/\/euskadi.verdesequo.es\/EU\/2022\/05\/09\/censuramos-que-el-gobierno-de-urtaran-que-anteponga-intereses-particulares-a-la-proteccion-del-patrimonio-al-iniciar-la-rebaja-de-la-proteccion-de-la-emblematica-casa-de-los-alfaro\/","title":{"rendered":"(Castellano) Censuramos que el Gobierno de Urtaran anteponga intereses particulares a la protecci\u00f3n del patrimonio al iniciar la rebaja de la protecci\u00f3n de la emblem\u00e1tica Casa de los Alfaro"},"content":{"rendered":"<p class=\"qtranxs-available-languages-message qtranxs-available-languages-message-EU\">Barkatu, hau ez dago euskararaturik oraindik...<\/p>","protected":false},"excerpt":{"rendered":"<p>Barkatu, hau ez dago euskararaturik oraindik&#8230;<\/p>\n","protected":false},"author":1,"featured_media":64787,"comment_status":"open","ping_status":"open","sticky":false,"template":"","format":"standard","meta":{"footnotes":""},"categories":[],"tags":[2308,1515,584,2429,484],"class_list":{"0":"post-64785","1":"post","2":"type-post","3":"status-publish","4":"format-standard","5":"has-post-thumbnail","7":"tag-berdeak-equo","8":"tag-casa-de-los-alfaro","9":"tag-oscar-fernandez","10":"tag-patrimonio-arquitectonico","11":"tag-vitoria-gasteiz","12":"czr-hentry"},"aioseo_notices":[],"_links":{"self":[{"href":"https:\/\/euskadi.verdesequo.es\/EU\/wp-json\/wp\/v2\/posts\/64785","targetHints":{"allow":["GET"]}}],"collection":[{"href":"https:\/\/euskadi.verdesequo.es\/EU\/wp-json\/wp\/v2\/posts"}],"about":[{"href":"https:\/\/euskadi.verdesequo.es\/EU\/wp-json\/wp\/v2\/types\/post"}],"author":[{"embeddable":true,"href":"https:\/\/euskadi.verdesequo.es\/EU\/wp-json\/wp\/v2\/users\/1"}],"replies":[{"embeddable":true,"href":"https:\/\/euskadi.verdesequo.es\/EU\/wp-json\/wp\/v2\/comments?post=64785"}],"version-history":[{"count":3,"href":"https:\/\/euskadi.verdesequo.es\/EU\/wp-json\/wp\/v2\/posts\/64785\/revisions"}],"predecessor-version":[{"id":64791,"href":"https:\/\/euskadi.verdesequo.es\/EU\/wp-json\/wp\/v2\/posts\/64785\/revisions\/64791"}],"wp:featuredmedia":[{"embeddable":true,"href":"https:\/\/euskadi.verdesequo.es\/EU\/wp-json\/wp\/v2\/media\/64787"}],"wp:attachment":[{"href":"https:\/\/euskadi.verdesequo.es\/EU\/wp-json\/wp\/v2\/media?parent=64785"}],"wp:term":[{"taxonomy":"category","embeddable":true,"href":"https:\/\/euskadi.verdesequo.es\/EU\/wp-json\/wp\/v2\/categories?post=64785"},{"taxonomy":"post_tag","embeddable":true,"href":"https:\/\/euskadi.verdesequo.es\/EU\/wp-json\/wp\/v2\/tags?post=64785"}],"curies":[{"name":"wp","href":"https:\/\/api.w.org\/{rel}","templated":true}]}}