{"id":64727,"date":"2022-01-17T10:41:58","date_gmt":"2022-01-17T09:41:58","guid":{"rendered":"https:\/\/euskadi.partidoequo.es\/?p=64727"},"modified":"2022-01-18T09:33:14","modified_gmt":"2022-01-18T08:33:14","slug":"berdeak-equo-pide-a-urkullu-la-aprobacion-urgente-del-pts-de-energias-renovables-para-evitar-que-los-megaproyectos-energeticos-que-se-plantean-en-araba-supongan-la-destruccion-del-territorio","status":"publish","type":"post","link":"https:\/\/euskadi.verdesequo.es\/EU\/2022\/01\/17\/berdeak-equo-pide-a-urkullu-la-aprobacion-urgente-del-pts-de-energias-renovables-para-evitar-que-los-megaproyectos-energeticos-que-se-plantean-en-araba-supongan-la-destruccion-del-territorio\/","title":{"rendered":"(Castellano) Berdeak EQUO pide a Urkullu la aprobaci\u00f3n urgente del PTS de Energ\u00edas Renovables para evitar que los megaproyectos energ\u00e9ticos que se plantean en Araba supongan la destrucci\u00f3n del territorio"},"content":{"rendered":"<p class=\"qtranxs-available-languages-message qtranxs-available-languages-message-EU\">Barkatu, hau ez dago euskararaturik oraindik...<\/p>","protected":false},"excerpt":{"rendered":"<p class=\"qtranxs-available-languages-message qtranxs-available-languages-message-EU\">Barkatu, hau ez dago euskararaturik oraindik&#8230;<\/p>\n","protected":false},"author":1,"featured_media":64734,"comment_status":"open","ping_status":"open","sticky":false,"template":"","format":"standard","meta":{"footnotes":""},"categories":[1608,42,5,880],"tags":[490,491,2409,2410],"class_list":{"0":"post-64727","1":"post","2":"type-post","3":"status-publish","4":"format-standard","5":"has-post-thumbnail","7":"category-actualidad","8":"category-notasprensa","9":"category-noticias","10":"category-alava","11":"tag-araba","12":"tag-energia","13":"tag-energia-hidraulica","14":"tag-megaproyectos","15":"czr-hentry"},"aioseo_notices":[],"_links":{"self":[{"href":"https:\/\/euskadi.verdesequo.es\/EU\/wp-json\/wp\/v2\/posts\/64727","targetHints":{"allow":["GET"]}}],"collection":[{"href":"https:\/\/euskadi.verdesequo.es\/EU\/wp-json\/wp\/v2\/posts"}],"about":[{"href":"https:\/\/euskadi.verdesequo.es\/EU\/wp-json\/wp\/v2\/types\/post"}],"author":[{"embeddable":true,"href":"https:\/\/euskadi.verdesequo.es\/EU\/wp-json\/wp\/v2\/users\/1"}],"replies":[{"embeddable":true,"href":"https:\/\/euskadi.verdesequo.es\/EU\/wp-json\/wp\/v2\/comments?post=64727"}],"version-history":[{"count":2,"href":"https:\/\/euskadi.verdesequo.es\/EU\/wp-json\/wp\/v2\/posts\/64727\/revisions"}],"predecessor-version":[{"id":64735,"href":"https:\/\/euskadi.verdesequo.es\/EU\/wp-json\/wp\/v2\/posts\/64727\/revisions\/64735"}],"wp:featuredmedia":[{"embeddable":true,"href":"https:\/\/euskadi.verdesequo.es\/EU\/wp-json\/wp\/v2\/media\/64734"}],"wp:attachment":[{"href":"https:\/\/euskadi.verdesequo.es\/EU\/wp-json\/wp\/v2\/media?parent=64727"}],"wp:term":[{"taxonomy":"category","embeddable":true,"href":"https:\/\/euskadi.verdesequo.es\/EU\/wp-json\/wp\/v2\/categories?post=64727"},{"taxonomy":"post_tag","embeddable":true,"href":"https:\/\/euskadi.verdesequo.es\/EU\/wp-json\/wp\/v2\/tags?post=64727"}],"curies":[{"name":"wp","href":"https:\/\/api.w.org\/{rel}","templated":true}]}}