{"id":64705,"date":"2021-11-21T13:48:43","date_gmt":"2021-11-21T12:48:43","guid":{"rendered":"https:\/\/euskadi.partidoequo.es\/?p=64705"},"modified":"2021-12-03T13:51:33","modified_gmt":"2021-12-03T12:51:33","slug":"berdeak-equo-pide-que-los-presupuestos-del-estado-contemplen-una-partida-presupuestaria-destinada-al-convenio-de-transicion-justa-en-garona-para-preparar-el-desarrollo-economico-del-entorno-tras-su-de","status":"publish","type":"post","link":"https:\/\/euskadi.verdesequo.es\/EU\/2021\/11\/21\/berdeak-equo-pide-que-los-presupuestos-del-estado-contemplen-una-partida-presupuestaria-destinada-al-convenio-de-transicion-justa-en-garona-para-preparar-el-desarrollo-economico-del-entorno-tras-su-de\/","title":{"rendered":"(Castellano) Berdeak EQUO pide que los Presupuestos del Estado contemplen una partida presupuestaria destinada al Convenio de Transici\u00f3n Justa en Garo\u00f1a para preparar el desarrollo econ\u00f3mico del entorno tras su desmantelamiento"},"content":{"rendered":"<p class=\"qtranxs-available-languages-message qtranxs-available-languages-message-EU\">Barkatu, hau ez dago euskararaturik oraindik...<\/p>","protected":false},"excerpt":{"rendered":"<p>Barkatu, hau ez dago euskararaturik oraindik&#8230;<\/p>\n","protected":false},"author":1,"featured_media":3752,"comment_status":"open","ping_status":"open","sticky":false,"template":"","format":"standard","meta":{"footnotes":""},"categories":[880],"tags":[1563,1322,586,1269,207,2396],"class_list":{"0":"post-64705","1":"post","2":"type-post","3":"status-publish","4":"format-standard","5":"has-post-thumbnail","7":"category-alava","8":"tag-berdeak","9":"tag-desarrollo-economico","10":"tag-desmantelamiento","11":"tag-enmienda","12":"tag-garona","13":"tag-presupuestos-del-estado","14":"czr-hentry"},"aioseo_notices":[],"_links":{"self":[{"href":"https:\/\/euskadi.verdesequo.es\/EU\/wp-json\/wp\/v2\/posts\/64705","targetHints":{"allow":["GET"]}}],"collection":[{"href":"https:\/\/euskadi.verdesequo.es\/EU\/wp-json\/wp\/v2\/posts"}],"about":[{"href":"https:\/\/euskadi.verdesequo.es\/EU\/wp-json\/wp\/v2\/types\/post"}],"author":[{"embeddable":true,"href":"https:\/\/euskadi.verdesequo.es\/EU\/wp-json\/wp\/v2\/users\/1"}],"replies":[{"embeddable":true,"href":"https:\/\/euskadi.verdesequo.es\/EU\/wp-json\/wp\/v2\/comments?post=64705"}],"version-history":[{"count":1,"href":"https:\/\/euskadi.verdesequo.es\/EU\/wp-json\/wp\/v2\/posts\/64705\/revisions"}],"predecessor-version":[{"id":64706,"href":"https:\/\/euskadi.verdesequo.es\/EU\/wp-json\/wp\/v2\/posts\/64705\/revisions\/64706"}],"wp:featuredmedia":[{"embeddable":true,"href":"https:\/\/euskadi.verdesequo.es\/EU\/wp-json\/wp\/v2\/media\/3752"}],"wp:attachment":[{"href":"https:\/\/euskadi.verdesequo.es\/EU\/wp-json\/wp\/v2\/media?parent=64705"}],"wp:term":[{"taxonomy":"category","embeddable":true,"href":"https:\/\/euskadi.verdesequo.es\/EU\/wp-json\/wp\/v2\/categories?post=64705"},{"taxonomy":"post_tag","embeddable":true,"href":"https:\/\/euskadi.verdesequo.es\/EU\/wp-json\/wp\/v2\/tags?post=64705"}],"curies":[{"name":"wp","href":"https:\/\/api.w.org\/{rel}","templated":true}]}}