{"id":64554,"date":"2021-09-02T11:26:38","date_gmt":"2021-09-02T09:26:38","guid":{"rendered":"https:\/\/euskadi.partidoequo.es\/?p=64554"},"modified":"2021-09-02T11:26:38","modified_gmt":"2021-09-02T09:26:38","slug":"berdeak-equo-apremia-al-gobierno-para-que-mejore-ya-el-servicio-de-cercanias-de-las-encartaciones-para-facilitar-los-desplazamientos-a-los-centros-de-trabajo-y-reducir-el-desempleo-en-la-comarca","status":"publish","type":"post","link":"https:\/\/euskadi.verdesequo.es\/EU\/2021\/09\/02\/berdeak-equo-apremia-al-gobierno-para-que-mejore-ya-el-servicio-de-cercanias-de-las-encartaciones-para-facilitar-los-desplazamientos-a-los-centros-de-trabajo-y-reducir-el-desempleo-en-la-comarca\/","title":{"rendered":"Berdeak EQUO alderdiak presatu egin du Gobernua Enkarterriko aldirietako zerbitzua berehala hobe dezan, lantokietarako joan-etorriak errazteko eta eskualdeko langabezia murrizteko"},"content":{"rendered":"<p><\/p>\n<ul>\n<li dir=\"ltr\">\n<p dir=\"ltr\" role=\"presentation\">In\u00e9s Saban\u00e9s alderdi berdeko diputatuak gaur goizen bisitatu du eremua, eta Gobernu zentralaren konpromisoa lortu nahi du Enkarterriko eta Bilbotik Santanderrerainoko tren konbentzionalaren defentsan, eskualdeko &#8220;jarduera soziala eta ekonomikoa antolatzeko funtsezkoa&#8221; den heinean.<\/p>\n<\/li>\n<li dir=\"ltr\">\n<p dir=\"ltr\" role=\"presentation\">\u201cKomunikabide onak funtsezkoak dira lurraldea antolatzeko, baina administrazioek aldirietako trena abandonatu egin dute Abiadura Handiaren mesedetan, nahiz eta aldirietako zerbitzu publiko hori tresna ezin hobea izan langileen eguneroko desplazamenduetarako, gehienak ere lanpostuetara joateko asmoz eginak. Enkarterrin ere, hiriburuekin lotzeko garraio-eskaintza bermatu behar da, Euskadiko beste eskualde batzuetan egiten den bezala\u201d<\/p>\n<\/li>\n<li dir=\"ltr\">\n<p dir=\"ltr\" role=\"presentation\">\u201cTrena mugikortasun-politiken erdian jarri behar da. Guk <b>garraio-ministro berriaren agerraldia eskatuko dugu<\/b>, bidezkoak diren azalpenak eman ditzan, eta gure asmo hori aurrera eramatea ahalbidetuko duten akordio juridiko edo aurrekontu-akordio guztien alde egingo dugula jakinarazteko\u201d iragarri du Saban\u00e9sek.<\/p>\n<\/li>\n<\/ul>\n<p dir=\"ltr\">Berdeak EQUO alderdiaren ustez, onartezina eta jasanezina da Enkarterrin, langabeziak hain gogor kolpatu duen eskualde batean, oraindik ere gabezia larriak izatea aldirietako tren-sarean, pandemiaren ondorioz azken hilabeteotan areagotu egin direnak, gainera.<\/p>\n<p dir=\"ltr\"><a href=\"https:\/\/euskadi.partidoequo.es\/wp-content\/uploads\/2021\/09\/ines-prensa-2.jpg\"><img loading=\"lazy\" decoding=\"async\" class=\"size-medium wp-image-64555 alignleft\" src=\"https:\/\/euskadi.partidoequo.es\/wp-content\/uploads\/2021\/09\/ines-prensa-2-300x200.jpg\" alt=\"\" width=\"300\" height=\"200\" srcset=\"https:\/\/euskadi.verdesequo.es\/wp-content\/uploads\/2021\/09\/ines-prensa-2-300x200.jpg 300w, https:\/\/euskadi.verdesequo.es\/wp-content\/uploads\/2021\/09\/ines-prensa-2-1024x682.jpg 1024w, https:\/\/euskadi.verdesequo.es\/wp-content\/uploads\/2021\/09\/ines-prensa-2-768x512.jpg 768w, https:\/\/euskadi.verdesequo.es\/wp-content\/uploads\/2021\/09\/ines-prensa-2.jpg 1280w\" sizes=\"auto, (max-width: 300px) 100vw, 300px\" \/><\/a><\/p>\n<p dir=\"ltr\">Euskadiko alderdi berdearen ustez, egoera hori mantentzea eta okerragotzea eremuko langabezia murriztearen kalterako da, egoiliarrek lana aurkitzeko aukera gutxiago dituztelako komunikabiderik ezean. &#8220;Klima-krisiaren testuinguruan, ibilgailu motordunen emisioak murriztera behartuta gaude, eta beraz behar-beharrezkoa da tren-sare konbentzionalean inbertsio handi bat egitea, Enkarterriko aldirietako lineetan eta Bilbo eta Santander arteko lotunean adibidez, biak oso kaltetuta baitaude maiztasunak murriztu eta zerbitzua txartu izanaren ondorioz, eta kasu honetan are larriagoa da, gabezia horiek bertako herritarrentzat oso kaltegarriak direlako, lehendik ere langabeziak gogor kolpatuta zeudela aintzat hartuta. Enkarterrin ere, garraio-eskaintza bermatu behar da, Euskadiko beste eskualde batzuetan egiten den bezala\u201d<\/p>\n<p dir=\"ltr\">Horrela hitz egin du In\u00e9s Saban\u00e9s Verdes EQUO alderdiko kobozeramaileak eta M\u00e1s Pa\u00eds Verdes EQUO taldearen Kongresuko diputatuak, Bilboko Concordia geltokitik abiatuta Enkarterriko tren-geltokiak bisitatu dituenean. Jarraian, Zallara joan da Santanderretik Bilborako Trenaren Defentsarako Plataformako kideekin biltzeko, Stella Garc\u00eda eta Joserra Becerra alderdi berdeak Euskadin dauzkan kobozeramaileekin batera.<a href=\"https:\/\/euskadi.partidoequo.es\/wp-content\/uploads\/2021\/09\/joserrra-declas.jpg\"><img loading=\"lazy\" decoding=\"async\" class=\"size-medium wp-image-64556 alignright\" src=\"https:\/\/euskadi.partidoequo.es\/wp-content\/uploads\/2021\/09\/joserrra-declas-300x200.jpg\" alt=\"\" width=\"300\" height=\"200\" srcset=\"https:\/\/euskadi.verdesequo.es\/wp-content\/uploads\/2021\/09\/joserrra-declas-300x200.jpg 300w, https:\/\/euskadi.verdesequo.es\/wp-content\/uploads\/2021\/09\/joserrra-declas-1024x682.jpg 1024w, https:\/\/euskadi.verdesequo.es\/wp-content\/uploads\/2021\/09\/joserrra-declas-768x512.jpg 768w, https:\/\/euskadi.verdesequo.es\/wp-content\/uploads\/2021\/09\/joserrra-declas.jpg 1280w\" sizes=\"auto, (max-width: 300px) 100vw, 300px\" \/><\/a><\/p>\n<p dir=\"ltr\">\u201cGuretzat ulertezina da Espainiako Gobernuak lehendik dagoen azpiegitura bat alde batera uztea, nahiz eta inbertsio xume samar batzuekin manten daitekeen, eta eraginpeko herrietan bizi direnak nola zokoratzen dituzten ikustea, ondo dakiten arren zergak beste edozeinek bezala ordaintzen dituztela, trukean, zeharo eskasak diren garraio-zerbitzuak jasotzeko\u201d, salatu du Joserra Becerra Berdeak EQUO alderdiko kobozeramaileak.<\/p>\n<p dir=\"ltr\">Egoera hori konponbidean jartzeko, In\u00e9s Saban\u00e9s diputatuak Raquel S\u00e1nchez garraio-ministro berriaren agerraldia eskatuko du, joan den urtarrilean M\u00e1s Pa\u00eds Verdes Equo parlamentu-taldeak Kongresuan aurkeztu zuen legez besteko proposamenaren ildo beretik, Pedro S\u00e1nchezen Gobernuari eskatzeko Espainiako iparraldean tren konbentzionalaren etorkizuna defenda dezala, urgentziazko neurri eraginkorrak hartuz Berreraikuntzako Covid Europako Funtsei eta Estatuko Aurrekontu Orokorrei loturik, Kantaurialdeko eskualde eta autonomia-erkidegoentzat (Galizia, Asturias, Gaztela eta Leon, Kantabria eta Euskadi) kalitatezko garraio publiko, sozial eta jasangarria bultzatzearren. Trena mugikortasun-politiken erdian jarri behar da. Guk Gobernuari jakinaraziko diogu gure asmo hori aurrera eramatea ahalbidetuko duten akordio juridiko edo aurrekontu-akordio guztien alde egingo dugula\u201d iragarri du Saban\u00e9sek.<\/p>\n<p dir=\"ltr\">Ekimen horren bitartez Espainiako Gobernuari eta inplikatutako erakunde guztiei inbertsio-plan espezifiko bat eskatzen zaie lehendik dauden tren-lineak hobetzeko eta mantentzeko, eta M\u00e1s Pa\u00eds-Verdes Equo parlamentu-taldeak lan-ildo hori eraman nahi du, berehala eta lehentasunez, 2022ko Estatuko Aurrekontu Orokorren negoziazioetara.<\/p>\n<p dir=\"ltr\">\n<p dir=\"ltr\"><a href=\"https:\/\/euskadi.partidoequo.es\/wp-content\/uploads\/2021\/09\/ines-y-joserra.jpg\"><img loading=\"lazy\" decoding=\"async\" class=\"alignnone size-medium wp-image-64557\" src=\"https:\/\/euskadi.partidoequo.es\/wp-content\/uploads\/2021\/09\/ines-y-joserra-300x200.jpg\" alt=\"\" width=\"300\" height=\"200\" srcset=\"https:\/\/euskadi.verdesequo.es\/wp-content\/uploads\/2021\/09\/ines-y-joserra-300x200.jpg 300w, https:\/\/euskadi.verdesequo.es\/wp-content\/uploads\/2021\/09\/ines-y-joserra-1024x682.jpg 1024w, https:\/\/euskadi.verdesequo.es\/wp-content\/uploads\/2021\/09\/ines-y-joserra-768x512.jpg 768w, https:\/\/euskadi.verdesequo.es\/wp-content\/uploads\/2021\/09\/ines-y-joserra.jpg 1280w\" sizes=\"auto, (max-width: 300px) 100vw, 300px\" \/><\/a><a href=\"https:\/\/euskadi.partidoequo.es\/wp-content\/uploads\/2021\/09\/ines-tren.jpg\"><img loading=\"lazy\" decoding=\"async\" class=\"alignnone size-medium wp-image-64559\" src=\"https:\/\/euskadi.partidoequo.es\/wp-content\/uploads\/2021\/09\/ines-tren-300x200.jpg\" alt=\"\" width=\"300\" height=\"200\" srcset=\"https:\/\/euskadi.verdesequo.es\/wp-content\/uploads\/2021\/09\/ines-tren-300x200.jpg 300w, https:\/\/euskadi.verdesequo.es\/wp-content\/uploads\/2021\/09\/ines-tren-1024x682.jpg 1024w, https:\/\/euskadi.verdesequo.es\/wp-content\/uploads\/2021\/09\/ines-tren-768x512.jpg 768w, https:\/\/euskadi.verdesequo.es\/wp-content\/uploads\/2021\/09\/ines-tren.jpg 1280w\" sizes=\"auto, (max-width: 300px) 100vw, 300px\" \/><\/a><a href=\"https:\/\/euskadi.partidoequo.es\/wp-content\/uploads\/2021\/09\/ines-stella-tren.jpg\"><img loading=\"lazy\" decoding=\"async\" class=\"alignnone size-medium wp-image-64558\" src=\"https:\/\/euskadi.partidoequo.es\/wp-content\/uploads\/2021\/09\/ines-stella-tren-300x200.jpg\" alt=\"\" width=\"300\" height=\"200\" srcset=\"https:\/\/euskadi.verdesequo.es\/wp-content\/uploads\/2021\/09\/ines-stella-tren-300x200.jpg 300w, https:\/\/euskadi.verdesequo.es\/wp-content\/uploads\/2021\/09\/ines-stella-tren-1024x682.jpg 1024w, https:\/\/euskadi.verdesequo.es\/wp-content\/uploads\/2021\/09\/ines-stella-tren-768x512.jpg 768w, https:\/\/euskadi.verdesequo.es\/wp-content\/uploads\/2021\/09\/ines-stella-tren.jpg 1280w\" sizes=\"auto, (max-width: 300px) 100vw, 300px\" \/><\/a><\/p>\n<p><\/p>","protected":false},"excerpt":{"rendered":"<p>In\u00e9s Saban\u00e9s alderdi berdeko diputatuak gaur goizen bisitatu du eremua, eta Gobernu zentralaren konpromisoa lortu nahi du Enkarterriko eta Bilbotik Santanderrerainoko tren konbentzionalaren defentsan, eskualdeko &#8220;jarduera soziala eta ekonomikoa antolatzeko funtsezkoa&#8221; den heinean. \u201cKomunikabide onak funtsezkoak dira lurraldea antolatzeko, baina administrazioek aldirietako trena abandonatu egin dute Abiadura Handiaren mesedetan, nahiz eta aldirietako zerbitzu publiko hori [&hellip;]<\/p>\n","protected":false},"author":1,"featured_media":64558,"comment_status":"open","ping_status":"open","sticky":false,"template":"","format":"standard","meta":{"footnotes":""},"categories":[],"tags":[2308,2352,844,92,2197,2288,2338],"class_list":{"0":"post-64554","1":"post","2":"type-post","3":"status-publish","4":"format-standard","5":"has-post-thumbnail","7":"tag-berdeak-equo","8":"tag-encartaciones","9":"tag-ferrocarril","10":"tag-ines-sabanes-2","11":"tag-joserra-becerra","12":"tag-tren-del-norte","13":"tag-tren-sostenible","14":"czr-hentry"},"aioseo_notices":[],"_links":{"self":[{"href":"https:\/\/euskadi.verdesequo.es\/EU\/wp-json\/wp\/v2\/posts\/64554","targetHints":{"allow":["GET"]}}],"collection":[{"href":"https:\/\/euskadi.verdesequo.es\/EU\/wp-json\/wp\/v2\/posts"}],"about":[{"href":"https:\/\/euskadi.verdesequo.es\/EU\/wp-json\/wp\/v2\/types\/post"}],"author":[{"embeddable":true,"href":"https:\/\/euskadi.verdesequo.es\/EU\/wp-json\/wp\/v2\/users\/1"}],"replies":[{"embeddable":true,"href":"https:\/\/euskadi.verdesequo.es\/EU\/wp-json\/wp\/v2\/comments?post=64554"}],"version-history":[{"count":1,"href":"https:\/\/euskadi.verdesequo.es\/EU\/wp-json\/wp\/v2\/posts\/64554\/revisions"}],"predecessor-version":[{"id":64560,"href":"https:\/\/euskadi.verdesequo.es\/EU\/wp-json\/wp\/v2\/posts\/64554\/revisions\/64560"}],"wp:featuredmedia":[{"embeddable":true,"href":"https:\/\/euskadi.verdesequo.es\/EU\/wp-json\/wp\/v2\/media\/64558"}],"wp:attachment":[{"href":"https:\/\/euskadi.verdesequo.es\/EU\/wp-json\/wp\/v2\/media?parent=64554"}],"wp:term":[{"taxonomy":"category","embeddable":true,"href":"https:\/\/euskadi.verdesequo.es\/EU\/wp-json\/wp\/v2\/categories?post=64554"},{"taxonomy":"post_tag","embeddable":true,"href":"https:\/\/euskadi.verdesequo.es\/EU\/wp-json\/wp\/v2\/tags?post=64554"}],"curies":[{"name":"wp","href":"https:\/\/api.w.org\/{rel}","templated":true}]}}