{"id":64548,"date":"2021-07-26T14:30:02","date_gmt":"2021-07-26T12:30:02","guid":{"rendered":"https:\/\/euskadi.partidoequo.es\/?p=64548"},"modified":"2021-07-26T14:30:02","modified_gmt":"2021-07-26T12:30:02","slug":"berdeak-equo-denuncia-que-apostar-por-macroparques-solares-como-el-proyecto-ekienea-impide-que-la-energia-renovable-este-en-manos-de-la-ciudadania-y-que-baje-el-precio-de-la-luz","status":"publish","type":"post","link":"https:\/\/euskadi.verdesequo.es\/EU\/2021\/07\/26\/berdeak-equo-denuncia-que-apostar-por-macroparques-solares-como-el-proyecto-ekienea-impide-que-la-energia-renovable-este-en-manos-de-la-ciudadania-y-que-baje-el-precio-de-la-luz\/","title":{"rendered":"(Castellano) Berdeak EQUO denuncia que apostar por macroparques solares como el proyecto Ekienea impide que la energ\u00eda renovable est\u00e9 en manos de la ciudadan\u00eda y que baje el precio de la luz"},"content":{"rendered":"<p class=\"qtranxs-available-languages-message qtranxs-available-languages-message-EU\">Barkatu, hau ez dago euskararaturik oraindik...<\/p>","protected":false},"excerpt":{"rendered":"<p>Barkatu, hau ez dago euskararaturik oraindik&#8230;<\/p>\n","protected":false},"author":1,"featured_media":0,"comment_status":"open","ping_status":"open","sticky":false,"template":"","format":"standard","meta":{"footnotes":""},"categories":[880],"tags":[490,2347,2308,2348,2046],"class_list":{"0":"post-64548","1":"post","2":"type-post","3":"status-publish","4":"format-standard","6":"category-alava","7":"tag-araba","8":"tag-arminon","9":"tag-berdeak-equo","10":"tag-macro-parque-solar","11":"tag-renovables","12":"czr-hentry"},"aioseo_notices":[],"_links":{"self":[{"href":"https:\/\/euskadi.verdesequo.es\/EU\/wp-json\/wp\/v2\/posts\/64548","targetHints":{"allow":["GET"]}}],"collection":[{"href":"https:\/\/euskadi.verdesequo.es\/EU\/wp-json\/wp\/v2\/posts"}],"about":[{"href":"https:\/\/euskadi.verdesequo.es\/EU\/wp-json\/wp\/v2\/types\/post"}],"author":[{"embeddable":true,"href":"https:\/\/euskadi.verdesequo.es\/EU\/wp-json\/wp\/v2\/users\/1"}],"replies":[{"embeddable":true,"href":"https:\/\/euskadi.verdesequo.es\/EU\/wp-json\/wp\/v2\/comments?post=64548"}],"version-history":[{"count":1,"href":"https:\/\/euskadi.verdesequo.es\/EU\/wp-json\/wp\/v2\/posts\/64548\/revisions"}],"predecessor-version":[{"id":64550,"href":"https:\/\/euskadi.verdesequo.es\/EU\/wp-json\/wp\/v2\/posts\/64548\/revisions\/64550"}],"wp:attachment":[{"href":"https:\/\/euskadi.verdesequo.es\/EU\/wp-json\/wp\/v2\/media?parent=64548"}],"wp:term":[{"taxonomy":"category","embeddable":true,"href":"https:\/\/euskadi.verdesequo.es\/EU\/wp-json\/wp\/v2\/categories?post=64548"},{"taxonomy":"post_tag","embeddable":true,"href":"https:\/\/euskadi.verdesequo.es\/EU\/wp-json\/wp\/v2\/tags?post=64548"}],"curies":[{"name":"wp","href":"https:\/\/api.w.org\/{rel}","templated":true}]}}