{"id":64497,"date":"2021-06-28T11:23:02","date_gmt":"2021-06-28T09:23:02","guid":{"rendered":"https:\/\/euskadi.partidoequo.es\/?p=64497"},"modified":"2021-06-28T11:24:29","modified_gmt":"2021-06-28T09:24:29","slug":"derechos-lgtbi-derechos-para-toda-la-sociedad","status":"publish","type":"post","link":"https:\/\/euskadi.verdesequo.es\/EU\/2021\/06\/28\/derechos-lgtbi-derechos-para-toda-la-sociedad\/","title":{"rendered":"Derechos LGTBI+, derechos para toda la sociedad"},"content":{"rendered":"<p><\/p>\n<p style=\"text-align: justify;\">Con motivo del 28J, D\u00eda Internacional del Orgullo, <strong>Verdes EQUO alerta del grave retroceso que est\u00e1n sufriendo los derechos de las personas LGTBI+<\/strong> en Europa, tambi\u00e9n en Espa\u00f1a, y en el mundo. Por ello, las y los Verdes <strong>reclamamos tanto nuevas leyes que garanticen el respeto a la diversidad como acabar con la impunidad respecto a todo tipo de agresiones<\/strong> motivada por la identidad de g\u00e9nero o la orientaci\u00f3n sexual.<\/p>\n<p style=\"text-align: justify;\"><a href=\"https:\/\/euskadi.partidoequo.es\/wp-content\/uploads\/2021\/06\/lgtbi-web.jpg\"><img loading=\"lazy\" decoding=\"async\" class=\"size-medium wp-image-64499 alignleft\" src=\"https:\/\/euskadi.partidoequo.es\/wp-content\/uploads\/2021\/06\/lgtbi-web-300x169.jpg\" alt=\"\" width=\"300\" height=\"169\" srcset=\"https:\/\/euskadi.verdesequo.es\/wp-content\/uploads\/2021\/06\/lgtbi-web-300x169.jpg 300w, https:\/\/euskadi.verdesequo.es\/wp-content\/uploads\/2021\/06\/lgtbi-web-1024x576.jpg 1024w, https:\/\/euskadi.verdesequo.es\/wp-content\/uploads\/2021\/06\/lgtbi-web-768x432.jpg 768w, https:\/\/euskadi.verdesequo.es\/wp-content\/uploads\/2021\/06\/lgtbi-web-1536x864.jpg 1536w, https:\/\/euskadi.verdesequo.es\/wp-content\/uploads\/2021\/06\/lgtbi-web-150x84.jpg 150w, https:\/\/euskadi.verdesequo.es\/wp-content\/uploads\/2021\/06\/lgtbi-web.jpg 1600w\" sizes=\"auto, (max-width: 300px) 100vw, 300px\" \/><\/a>En este contexto, se hace especialmente necesario que la Uni\u00f3n Europea garantice el <strong>respeto a la legislaci\u00f3n comunitaria en materia de Derechos Humanos<\/strong> frente a la persecuci\u00f3n institucional que sufren las personas LGTBI+ en Estados miembros como Hungr\u00eda o Polonia. As\u00ed lo ha reclamado en infinidad de ocasiones el grupo verde en el Parlamento Europeo y, tanto el Consejo Europeo como la Comisi\u00f3n no pueden continuar actuando como si nada estuviera pasando.<\/p>\n<p style=\"text-align: justify;\">Por otra parte, en el marco estatal resulta fundamental la <strong>aprobaci\u00f3n de una ley que garantice el derecho de autodeterminaci\u00f3n de las personas trans,<\/strong> as\u00ed como una bater\u00eda legislativa que atienda a las necesidades de este colectivo. Igualmente, es necesario el reconocimiento por parte de las instituciones y de la sociedad de las personas no binarias, incorporando esta realidad a todas las pol\u00edticas p\u00fablicas.<\/p>\n<p style=\"text-align: justify;\">Los derechos de las personas LGTBI+ no solo ata\u00f1en al colectivo, sino que son responsabilidad de todas las personas. Una sociedad que respeta y garantiza derechos a todos sus miembros es una sociedad m\u00e1s justa e igualitaria.<\/p>\n<p style=\"text-align: justify;\">Finalmente, <strong>Verdes EQUO hace un llamamiento a la sociedad para que este 28J se manifieste con Orgullo,<\/strong> en las calles, en las plazas o en los balcones. Hagamos realidad aquello de \u201csalir mejores\u201d de la pandemia. Orgullosas de ser, orgullosas de sentir, orgullosas de vivir. \u00a1Feliz Orgullo 2021!<\/p>\n<p><\/p>\n<p style=\"text-align: justify;\">Con motivo del 28J, D\u00eda Internacional del Orgullo, <strong>Verdes EQUO alerta del grave retroceso que est\u00e1n sufriendo los derechos de las personas LGTBI+<\/strong> en Europa, tambi\u00e9n en Espa\u00f1a, y en el mundo. Por ello, las y los Verdes <strong>reclamamos tanto nuevas leyes que garanticen el respeto a la diversidad como acabar con la impunidad respecto a todo tipo de agresiones<\/strong> motivada por la identidad de g\u00e9nero o la orientaci\u00f3n sexual.<\/p>\n<p style=\"text-align: justify;\"><img loading=\"lazy\" decoding=\"async\" class=\"size-medium wp-image-30160 alignleft\" src=\"https:\/\/verdesequo.es\/wp-content\/uploads\/2021\/06\/derecholgtbi-tw-300x150.png\" sizes=\"auto, (max-width: 300px) 100vw, 300px\" srcset=\"https:\/\/verdesequo.es\/wp-content\/uploads\/2021\/06\/derecholgtbi-tw-300x150.png 300w, https:\/\/verdesequo.es\/wp-content\/uploads\/2021\/06\/derecholgtbi-tw-768x384.png 768w, https:\/\/verdesequo.es\/wp-content\/uploads\/2021\/06\/derecholgtbi-tw.png 1024w\" alt=\"\" width=\"300\" height=\"150\" \/>En este contexto, se hace especialmente necesario que la Uni\u00f3n Europea garantice el <strong>respeto a la legislaci\u00f3n comunitaria en materia de Derechos Humanos<\/strong> frente a la persecuci\u00f3n institucional que sufren las personas LGTBI+ en Estados miembros como Hungr\u00eda o Polonia. As\u00ed lo ha reclamado en infinidad de ocasiones el grupo verde en el Parlamento Europeo y, tanto el Consejo Europeo como la Comisi\u00f3n no pueden continuar actuando como si nada estuviera pasando.<\/p>\n<p style=\"text-align: justify;\">Por otra parte, en el marco estatal resulta fundamental la <strong>aprobaci\u00f3n de una ley que garantice el derecho de autodeterminaci\u00f3n de las personas trans,<\/strong> as\u00ed como una bater\u00eda legislativa que atienda a las necesidades de este colectivo. Igualmente, es necesario el reconocimiento por parte de las instituciones y de la sociedad de las personas no binarias, incorporando esta realidad a todas las pol\u00edticas p\u00fablicas.<\/p>\n<p style=\"text-align: justify;\">Los derechos de las personas LGTBI+ no solo ata\u00f1en al colectivo, sino que son responsabilidad de todas las personas. Una sociedad que respeta y garantiza derechos a todos sus miembros es una sociedad m\u00e1s justa e igualitaria.<\/p>\n<p style=\"text-align: justify;\">Finalmente, <strong>Verdes EQUO hace un llamamiento a la sociedad para que este 28J se manifieste con Orgullo,<\/strong> en las calles, en las plazas o en los balcones. Hagamos realidad aquello de \u201csalir mejores\u201d de la pandemia. Orgullosas de ser, orgullosas de sentir, orgullosas de vivir. \u00a1Feliz Orgullo 2021!<\/p>\n<p><\/p>","protected":false},"excerpt":{"rendered":"<p>Con motivo del 28J, D\u00eda Internacional del Orgullo, Verdes EQUO alerta del grave retroceso que est\u00e1n sufriendo los derechos de las personas LGTBI+ en Europa, tambi\u00e9n en Espa\u00f1a, y en el mundo. Por ello, las y los Verdes reclamamos tanto nuevas leyes que garanticen el respeto a la diversidad como acabar con la impunidad respecto [&hellip;]<\/p>\n","protected":false},"author":1,"featured_media":64499,"comment_status":"open","ping_status":"open","sticky":false,"template":"","format":"standard","meta":{"footnotes":""},"categories":[],"tags":[],"class_list":["post-64497","post","type-post","status-publish","format-standard","has-post-thumbnail","czr-hentry"],"aioseo_notices":[],"_links":{"self":[{"href":"https:\/\/euskadi.verdesequo.es\/EU\/wp-json\/wp\/v2\/posts\/64497","targetHints":{"allow":["GET"]}}],"collection":[{"href":"https:\/\/euskadi.verdesequo.es\/EU\/wp-json\/wp\/v2\/posts"}],"about":[{"href":"https:\/\/euskadi.verdesequo.es\/EU\/wp-json\/wp\/v2\/types\/post"}],"author":[{"embeddable":true,"href":"https:\/\/euskadi.verdesequo.es\/EU\/wp-json\/wp\/v2\/users\/1"}],"replies":[{"embeddable":true,"href":"https:\/\/euskadi.verdesequo.es\/EU\/wp-json\/wp\/v2\/comments?post=64497"}],"version-history":[{"count":2,"href":"https:\/\/euskadi.verdesequo.es\/EU\/wp-json\/wp\/v2\/posts\/64497\/revisions"}],"predecessor-version":[{"id":64500,"href":"https:\/\/euskadi.verdesequo.es\/EU\/wp-json\/wp\/v2\/posts\/64497\/revisions\/64500"}],"wp:featuredmedia":[{"embeddable":true,"href":"https:\/\/euskadi.verdesequo.es\/EU\/wp-json\/wp\/v2\/media\/64499"}],"wp:attachment":[{"href":"https:\/\/euskadi.verdesequo.es\/EU\/wp-json\/wp\/v2\/media?parent=64497"}],"wp:term":[{"taxonomy":"category","embeddable":true,"href":"https:\/\/euskadi.verdesequo.es\/EU\/wp-json\/wp\/v2\/categories?post=64497"},{"taxonomy":"post_tag","embeddable":true,"href":"https:\/\/euskadi.verdesequo.es\/EU\/wp-json\/wp\/v2\/tags?post=64497"}],"curies":[{"name":"wp","href":"https:\/\/api.w.org\/{rel}","templated":true}]}}