{"id":64371,"date":"2021-02-22T10:06:36","date_gmt":"2021-02-22T09:06:36","guid":{"rendered":"https:\/\/euskadi.partidoequo.es\/?p=64371"},"modified":"2021-02-25T14:18:28","modified_gmt":"2021-02-25T13:18:28","slug":"euskara-equo-berdeak-considera-que-el-proyecto-planteado-por-el-alaves-para-la-ampliacion-de-ibaia-contradice-los-objetivos-del-propio-ayuntamiento-de-proteccion-del-medio-rural-y-contra-la-estrateg","status":"publish","type":"post","link":"https:\/\/euskadi.verdesequo.es\/EU\/2021\/02\/22\/euskara-equo-berdeak-considera-que-el-proyecto-planteado-por-el-alaves-para-la-ampliacion-de-ibaia-contradice-los-objetivos-del-propio-ayuntamiento-de-proteccion-del-medio-rural-y-contra-la-estrateg\/","title":{"rendered":"(Castellano) El proyecto planteado por el Alav\u00e9s para la ampliaci\u00f3n de Ibaia contradice los objetivos del propio Ayuntamiento de protecci\u00f3n del medio rural y la estrategia agroalimentaria de la ciudad"},"content":{"rendered":"<p class=\"qtranxs-available-languages-message qtranxs-available-languages-message-EU\">Barkatu, hau ez dago euskararaturik oraindik...<\/p>","protected":false},"excerpt":{"rendered":"<p>Barkatu, hau ez dago euskararaturik oraindik&#8230;<\/p>\n","protected":false},"author":1,"featured_media":64372,"comment_status":"open","ping_status":"open","sticky":false,"template":"","format":"standard","meta":{"footnotes":""},"categories":[880],"tags":[2294,2295,764,1461,2296,484],"class_list":{"0":"post-64371","1":"post","2":"type-post","3":"status-publish","4":"format-standard","5":"has-post-thumbnail","7":"category-alava","8":"tag-alaves-club-deportivo","9":"tag-ampliacion-ibaia","10":"tag-equo-berdeak","11":"tag-estrategia-agroalimentaria","12":"tag-proteccion-medio-rural","13":"tag-vitoria-gasteiz","14":"czr-hentry"},"aioseo_notices":[],"_links":{"self":[{"href":"https:\/\/euskadi.verdesequo.es\/EU\/wp-json\/wp\/v2\/posts\/64371","targetHints":{"allow":["GET"]}}],"collection":[{"href":"https:\/\/euskadi.verdesequo.es\/EU\/wp-json\/wp\/v2\/posts"}],"about":[{"href":"https:\/\/euskadi.verdesequo.es\/EU\/wp-json\/wp\/v2\/types\/post"}],"author":[{"embeddable":true,"href":"https:\/\/euskadi.verdesequo.es\/EU\/wp-json\/wp\/v2\/users\/1"}],"replies":[{"embeddable":true,"href":"https:\/\/euskadi.verdesequo.es\/EU\/wp-json\/wp\/v2\/comments?post=64371"}],"version-history":[{"count":4,"href":"https:\/\/euskadi.verdesequo.es\/EU\/wp-json\/wp\/v2\/posts\/64371\/revisions"}],"predecessor-version":[{"id":64379,"href":"https:\/\/euskadi.verdesequo.es\/EU\/wp-json\/wp\/v2\/posts\/64371\/revisions\/64379"}],"wp:featuredmedia":[{"embeddable":true,"href":"https:\/\/euskadi.verdesequo.es\/EU\/wp-json\/wp\/v2\/media\/64372"}],"wp:attachment":[{"href":"https:\/\/euskadi.verdesequo.es\/EU\/wp-json\/wp\/v2\/media?parent=64371"}],"wp:term":[{"taxonomy":"category","embeddable":true,"href":"https:\/\/euskadi.verdesequo.es\/EU\/wp-json\/wp\/v2\/categories?post=64371"},{"taxonomy":"post_tag","embeddable":true,"href":"https:\/\/euskadi.verdesequo.es\/EU\/wp-json\/wp\/v2\/tags?post=64371"}],"curies":[{"name":"wp","href":"https:\/\/api.w.org\/{rel}","templated":true}]}}