{"id":64334,"date":"2021-01-15T11:53:26","date_gmt":"2021-01-15T10:53:26","guid":{"rendered":"https:\/\/euskadi.partidoequo.es\/?p=64334"},"modified":"2021-02-01T11:52:34","modified_gmt":"2021-02-01T10:52:34","slug":"facilitamos-la-aprobacion-de-los-presupuestos-de-vitoria-gasteiz-tras-alcanzar-un-acuerdo-con-el-gobierno-municipal","status":"publish","type":"post","link":"https:\/\/euskadi.verdesequo.es\/EU\/2021\/01\/15\/facilitamos-la-aprobacion-de-los-presupuestos-de-vitoria-gasteiz-tras-alcanzar-un-acuerdo-con-el-gobierno-municipal\/","title":{"rendered":"Gasteizko aurrekontuak onartzea erraztuko dugu udal Gobernuarekin akordioa lortu ostean"},"content":{"rendered":"<p><\/p>\n<ul>\n<li>Elkarrekin se abstendr\u00e1 en la votaci\u00f3n tras registrar enmiendas por valor de m\u00e1s de tres millones de euros y una bater\u00eda de medidas en defensa del derecho a una vivienda digna.<\/li>\n<\/ul>\n<p style=\"text-align: justify;\">El grupo municipal Elkarrekin ( EQUO Berdeak, Ahal Dugu-Podemos e IU Ezker Anitza) facilitar\u00e1 la aprobaci\u00f3n de los presupuestos de Vitoria-Gasteiz para 2021 tras alcanzar un acuerdo con el Gobierno municipal. El sentido del voto de Elkarrekin en la pr\u00f3xima comisi\u00f3n de presupuestos y pleno municipal ser\u00e1 \u201cabstenci\u00f3n\u201d ya que, si bien se ha alcanzado un acuerdo, el proyecto presupuestario para 2021 presentado por el PNV y el PSE-EE no es el proyecto de Elkarrekin.<\/p>\n<p style=\"text-align: justify;\">El acuerdo presupuestario se plasma en 34 enmiendas por valor superior a los 3 millones de euros, que se a\u00f1aden al proyecto presupuestario y que suponen un apoyo imprescindible a los sectores m\u00e1s afectados por la crisis generada por la COVID19. La protecci\u00f3n social se ve fortalecida a trav\u00e9s del apoyo a numerosos programas como los cuidados, la atenci\u00f3n a las personas mayores y el apoyo a los colectivos vulnerables. Tambi\u00e9n se recuperan las pol\u00edticas feministas con un apoyo decidido al servicio de igualdad que afecta tanto al presupuesto econ\u00f3mico, revirtiendo los recortes propuestos por el Gobierno, como al personal ya que se favorece la contrataci\u00f3n de m\u00e1s personal en el servicio municipal.<\/p>\n<p style=\"text-align: justify;\">Otras \u00e1reas que se ven reforzadas por el acuerdo son el empleo, la educaci\u00f3n y la emergencia clim\u00e1tica.<\/p>\n<p style=\"text-align: justify;\"><a href=\"https:\/\/euskadi.partidoequo.es\/wp-content\/uploads\/2021\/01\/acuerdo-presupuestos-vitoria-1.jpg\"><img loading=\"lazy\" decoding=\"async\" class=\"wp-image-64336 size-full alignleft\" src=\"https:\/\/euskadi.partidoequo.es\/wp-content\/uploads\/2021\/01\/acuerdo-presupuestos-vitoria-1.jpg\" alt=\"\" width=\"983\" height=\"482\" srcset=\"https:\/\/euskadi.verdesequo.es\/wp-content\/uploads\/2021\/01\/acuerdo-presupuestos-vitoria-1.jpg 983w, https:\/\/euskadi.verdesequo.es\/wp-content\/uploads\/2021\/01\/acuerdo-presupuestos-vitoria-1-300x147.jpg 300w, https:\/\/euskadi.verdesequo.es\/wp-content\/uploads\/2021\/01\/acuerdo-presupuestos-vitoria-1-768x377.jpg 768w, https:\/\/euskadi.verdesequo.es\/wp-content\/uploads\/2021\/01\/acuerdo-presupuestos-vitoria-1-150x74.jpg 150w\" sizes=\"auto, (max-width: 983px) 100vw, 983px\" \/><\/a>Adem\u00e1s, Elkarrekin ha incluido en el acuerdo presupuestario una bater\u00eda de medidas en defensa del derecho a una vivienda digna. En este sentido, tanto Elkarrekin como PNV y PSE se comprometen a aplicar en toda su extensi\u00f3n el derecho subjetivo de acceso a la ocupaci\u00f3n legal de una vivienda digna y adecuada recogido en la Ley de Vivienda del Pa\u00eds Vasco. Tambi\u00e9n, se refuerza el Observatorio Municipal de la Vivienda puesto en marcha el pasado a\u00f1o gracias al acuerdo presupuestario de 2020 y se asegura que, en Vitoria-Gasteiz, no haya ning\u00fan desahucio sin alternativa habitacional con la creaci\u00f3n de un fondo econ\u00f3mico extraordinario de lucha contra la exclusi\u00f3n residencial y la rehabilitaci\u00f3n de viviendas para alquiler social (ambas iniciativas suman m\u00e1s de 500.000 euros).<\/p>\n<p style=\"text-align: justify;\"><em>\u201cEn estos momentos de pandemia debemos arrimar el hombro y, como representantes de la ciudadan\u00eda, ponernos de acuerdo por salir mejores de esta situaci\u00f3n. Este acuerdo responde a esa necesidad. Hemos tomado los aprendizajes de la pandemia para, a trav\u00e9s del acuerdo, marcar un rumbo claro hacia una Vitoria-Gasteiz social, verde y feminista. En 2021 volvemos a poner la mirada en las personas priorizando la vivienda, el empleo, la protecci\u00f3n social, las pol\u00edticas feministas y la\u00a0 transici\u00f3n ecol\u00f3gica\u201d\u00a0 ha declarado el concejal de EQUO Berdeak en el grupo municipal y portavoz del mismo, \u00d3scar Fern\u00e1ndez. <\/em><\/p>\n<p><strong>\u00a0<\/strong><\/p>\n<p><a href=\"https:\/\/euskadi.partidoequo.es\/wp-content\/uploads\/2021\/01\/Dossier_ELKARREKINVG_EnmiendasPresupuesto2021.pdf\">https:\/\/euskadi.partidoequo.es\/wp-content\/uploads\/2021\/01\/Dossier_ELKARREKINVG_EnmiendasPresupuesto2021.pdf<\/a><\/p>","protected":false},"excerpt":{"rendered":"<p>Elkarrekin se abstendr\u00e1 en la votaci\u00f3n tras registrar enmiendas por valor de m\u00e1s de tres millones de euros y una bater\u00eda de medidas en defensa del derecho a una vivienda digna. El grupo municipal Elkarrekin ( EQUO Berdeak, Ahal Dugu-Podemos e IU Ezker Anitza) facilitar\u00e1 la aprobaci\u00f3n de los presupuestos de Vitoria-Gasteiz para 2021 tras [&hellip;]<\/p>\n","protected":false},"author":1,"featured_media":64336,"comment_status":"open","ping_status":"open","sticky":false,"template":"","format":"standard","meta":{"footnotes":""},"categories":[880],"tags":[1981,764,584,193,484,1097],"class_list":{"0":"post-64334","1":"post","2":"type-post","3":"status-publish","4":"format-standard","5":"has-post-thumbnail","7":"category-alava","8":"tag-emergencia-climatica","9":"tag-equo-berdeak","10":"tag-oscar-fernandez","11":"tag-presupuestos","12":"tag-vitoria-gasteiz","13":"tag-vivienda","14":"czr-hentry"},"aioseo_notices":[],"_links":{"self":[{"href":"https:\/\/euskadi.verdesequo.es\/EU\/wp-json\/wp\/v2\/posts\/64334","targetHints":{"allow":["GET"]}}],"collection":[{"href":"https:\/\/euskadi.verdesequo.es\/EU\/wp-json\/wp\/v2\/posts"}],"about":[{"href":"https:\/\/euskadi.verdesequo.es\/EU\/wp-json\/wp\/v2\/types\/post"}],"author":[{"embeddable":true,"href":"https:\/\/euskadi.verdesequo.es\/EU\/wp-json\/wp\/v2\/users\/1"}],"replies":[{"embeddable":true,"href":"https:\/\/euskadi.verdesequo.es\/EU\/wp-json\/wp\/v2\/comments?post=64334"}],"version-history":[{"count":8,"href":"https:\/\/euskadi.verdesequo.es\/EU\/wp-json\/wp\/v2\/posts\/64334\/revisions"}],"predecessor-version":[{"id":64354,"href":"https:\/\/euskadi.verdesequo.es\/EU\/wp-json\/wp\/v2\/posts\/64334\/revisions\/64354"}],"wp:featuredmedia":[{"embeddable":true,"href":"https:\/\/euskadi.verdesequo.es\/EU\/wp-json\/wp\/v2\/media\/64336"}],"wp:attachment":[{"href":"https:\/\/euskadi.verdesequo.es\/EU\/wp-json\/wp\/v2\/media?parent=64334"}],"wp:term":[{"taxonomy":"category","embeddable":true,"href":"https:\/\/euskadi.verdesequo.es\/EU\/wp-json\/wp\/v2\/categories?post=64334"},{"taxonomy":"post_tag","embeddable":true,"href":"https:\/\/euskadi.verdesequo.es\/EU\/wp-json\/wp\/v2\/tags?post=64334"}],"curies":[{"name":"wp","href":"https:\/\/api.w.org\/{rel}","templated":true}]}}