{"id":64212,"date":"2020-10-03T10:49:05","date_gmt":"2020-10-03T08:49:05","guid":{"rendered":"http:\/\/euskadi.partidoequo.es\/?p=64212"},"modified":"2020-10-03T10:49:05","modified_gmt":"2020-10-03T08:49:05","slug":"el-gobierno-vasco-ignora-en-su-listado-de-proyectos-a-financiar-por-la-ue-los-enfocados-a-la-economia-verde-y-transicion-ecologica-de-vitoria-gasteiz-pese-a-estar-directamente-vinculados-al-ambito-de","status":"publish","type":"post","link":"https:\/\/euskadi.verdesequo.es\/EU\/2020\/10\/03\/el-gobierno-vasco-ignora-en-su-listado-de-proyectos-a-financiar-por-la-ue-los-enfocados-a-la-economia-verde-y-transicion-ecologica-de-vitoria-gasteiz-pese-a-estar-directamente-vinculados-al-ambito-de\/","title":{"rendered":"(Castellano) El Gobierno vasco ignora en su listado de proyectos a financiar por la UE los enfocados a la econom\u00eda verde y transici\u00f3n ecol\u00f3gica de Vitoria-Gasteiz, pese a estar directamente vinculados al \u00e1mbito de actuaci\u00f3n de los fondos europeos"},"content":{"rendered":"<p class=\"qtranxs-available-languages-message qtranxs-available-languages-message-EU\">Barkatu, hau ez dago euskararaturik oraindik...<\/p>","protected":false},"excerpt":{"rendered":"<p>Barkatu, hau ez dago euskararaturik oraindik&#8230;<\/p>\n","protected":false},"author":1,"featured_media":64213,"comment_status":"open","ping_status":"open","sticky":false,"template":"","format":"standard","meta":{"footnotes":""},"categories":[880],"tags":[2087,764,2251,484],"class_list":{"0":"post-64212","1":"post","2":"type-post","3":"status-publish","4":"format-standard","5":"has-post-thumbnail","7":"category-alava","8":"tag-covid-19","9":"tag-equo-berdeak","10":"tag-fondos-europeos-reconstruccion","11":"tag-vitoria-gasteiz","12":"czr-hentry"},"aioseo_notices":[],"_links":{"self":[{"href":"https:\/\/euskadi.verdesequo.es\/EU\/wp-json\/wp\/v2\/posts\/64212","targetHints":{"allow":["GET"]}}],"collection":[{"href":"https:\/\/euskadi.verdesequo.es\/EU\/wp-json\/wp\/v2\/posts"}],"about":[{"href":"https:\/\/euskadi.verdesequo.es\/EU\/wp-json\/wp\/v2\/types\/post"}],"author":[{"embeddable":true,"href":"https:\/\/euskadi.verdesequo.es\/EU\/wp-json\/wp\/v2\/users\/1"}],"replies":[{"embeddable":true,"href":"https:\/\/euskadi.verdesequo.es\/EU\/wp-json\/wp\/v2\/comments?post=64212"}],"version-history":[{"count":1,"href":"https:\/\/euskadi.verdesequo.es\/EU\/wp-json\/wp\/v2\/posts\/64212\/revisions"}],"predecessor-version":[{"id":64214,"href":"https:\/\/euskadi.verdesequo.es\/EU\/wp-json\/wp\/v2\/posts\/64212\/revisions\/64214"}],"wp:featuredmedia":[{"embeddable":true,"href":"https:\/\/euskadi.verdesequo.es\/EU\/wp-json\/wp\/v2\/media\/64213"}],"wp:attachment":[{"href":"https:\/\/euskadi.verdesequo.es\/EU\/wp-json\/wp\/v2\/media?parent=64212"}],"wp:term":[{"taxonomy":"category","embeddable":true,"href":"https:\/\/euskadi.verdesequo.es\/EU\/wp-json\/wp\/v2\/categories?post=64212"},{"taxonomy":"post_tag","embeddable":true,"href":"https:\/\/euskadi.verdesequo.es\/EU\/wp-json\/wp\/v2\/tags?post=64212"}],"curies":[{"name":"wp","href":"https:\/\/api.w.org\/{rel}","templated":true}]}}