{"id":64207,"date":"2020-10-01T17:41:06","date_gmt":"2020-10-01T15:41:06","guid":{"rendered":"http:\/\/euskadi.partidoequo.es\/?p=64207"},"modified":"2020-10-01T17:42:18","modified_gmt":"2020-10-01T15:42:18","slug":"equo-berdeak-reitera-la-necesidad-de-desarrollar-una-comision-de-investigacion-sobre-zaldibar-en-aras-a-la-transparencia-y-para-depurar-responsabilidades-politicas","status":"publish","type":"post","link":"https:\/\/euskadi.verdesequo.es\/EU\/2020\/10\/01\/equo-berdeak-reitera-la-necesidad-de-desarrollar-una-comision-de-investigacion-sobre-zaldibar-en-aras-a-la-transparencia-y-para-depurar-responsabilidades-politicas\/","title":{"rendered":"(Castellano) EQUO Berdeak reitera la necesidad de desarrollar una Comisi\u00f3n de Investigaci\u00f3n sobre Zaldibar en aras a la transparencia y para depurar responsabilidades pol\u00edticas\u00a0"},"content":{"rendered":"<p class=\"qtranxs-available-languages-message qtranxs-available-languages-message-EU\">Barkatu, hau ez dago euskararaturik oraindik...<\/p>","protected":false},"excerpt":{"rendered":"<p>Barkatu, hau ez dago euskararaturik oraindik&#8230;<\/p>\n","protected":false},"author":1,"featured_media":64209,"comment_status":"open","ping_status":"open","sticky":false,"template":"","format":"standard","meta":{"footnotes":""},"categories":[],"tags":[1931,764,2057,2193],"class_list":{"0":"post-64207","1":"post","2":"type-post","3":"status-publish","4":"format-standard","5":"has-post-thumbnail","7":"tag-comision-investigacion","8":"tag-equo-berdeak","9":"tag-zaldibar","10":"tag-zaldibar-argitu","11":"czr-hentry"},"aioseo_notices":[],"_links":{"self":[{"href":"https:\/\/euskadi.verdesequo.es\/EU\/wp-json\/wp\/v2\/posts\/64207","targetHints":{"allow":["GET"]}}],"collection":[{"href":"https:\/\/euskadi.verdesequo.es\/EU\/wp-json\/wp\/v2\/posts"}],"about":[{"href":"https:\/\/euskadi.verdesequo.es\/EU\/wp-json\/wp\/v2\/types\/post"}],"author":[{"embeddable":true,"href":"https:\/\/euskadi.verdesequo.es\/EU\/wp-json\/wp\/v2\/users\/1"}],"replies":[{"embeddable":true,"href":"https:\/\/euskadi.verdesequo.es\/EU\/wp-json\/wp\/v2\/comments?post=64207"}],"version-history":[{"count":1,"href":"https:\/\/euskadi.verdesequo.es\/EU\/wp-json\/wp\/v2\/posts\/64207\/revisions"}],"predecessor-version":[{"id":64210,"href":"https:\/\/euskadi.verdesequo.es\/EU\/wp-json\/wp\/v2\/posts\/64207\/revisions\/64210"}],"wp:featuredmedia":[{"embeddable":true,"href":"https:\/\/euskadi.verdesequo.es\/EU\/wp-json\/wp\/v2\/media\/64209"}],"wp:attachment":[{"href":"https:\/\/euskadi.verdesequo.es\/EU\/wp-json\/wp\/v2\/media?parent=64207"}],"wp:term":[{"taxonomy":"category","embeddable":true,"href":"https:\/\/euskadi.verdesequo.es\/EU\/wp-json\/wp\/v2\/categories?post=64207"},{"taxonomy":"post_tag","embeddable":true,"href":"https:\/\/euskadi.verdesequo.es\/EU\/wp-json\/wp\/v2\/tags?post=64207"}],"curies":[{"name":"wp","href":"https:\/\/api.w.org\/{rel}","templated":true}]}}