{"id":64158,"date":"2020-08-24T14:19:25","date_gmt":"2020-08-24T12:19:25","guid":{"rendered":"http:\/\/euskadi.partidoequo.es\/?p=64158"},"modified":"2020-08-24T14:19:25","modified_gmt":"2020-08-24T12:19:25","slug":"equo-berdeak-considera-disparatado-que-se-retome-el-proyecto-del-embalse-de-barron-que-supondra-un-despilfarro-de-160-millones-en-plena-epoca-de-ajustes-por-la-covid19","status":"publish","type":"post","link":"https:\/\/euskadi.verdesequo.es\/EU\/2020\/08\/24\/equo-berdeak-considera-disparatado-que-se-retome-el-proyecto-del-embalse-de-barron-que-supondra-un-despilfarro-de-160-millones-en-plena-epoca-de-ajustes-por-la-covid19\/","title":{"rendered":"(Castellano) EQUO Berdeak considera \u201cdisparatado\u201d que se retome el proyecto del embalse de Barr\u00f3n que supondr\u00e1 un despilfarro de 160 millones en plena \u00e9poca de ajustes por la COVID19"},"content":{"rendered":"<p class=\"qtranxs-available-languages-message qtranxs-available-languages-message-EU\">Barkatu, hau ez dago euskararaturik oraindik...<\/p>","protected":false},"excerpt":{"rendered":"<p>Barkatu, hau ez dago euskararaturik oraindik&#8230;<\/p>\n","protected":false},"author":1,"featured_media":63477,"comment_status":"open","ping_status":"open","sticky":false,"template":"","format":"standard","meta":{"footnotes":""},"categories":[880],"tags":[1408,490,1371,1753],"class_list":{"0":"post-64158","1":"post","2":"type-post","3":"status-publish","4":"format-standard","5":"has-post-thumbnail","7":"category-alava","8":"tag-agricultura","9":"tag-araba","10":"tag-embalse-de-barron","11":"tag-impacto-ambiental","12":"czr-hentry"},"aioseo_notices":[],"_links":{"self":[{"href":"https:\/\/euskadi.verdesequo.es\/EU\/wp-json\/wp\/v2\/posts\/64158","targetHints":{"allow":["GET"]}}],"collection":[{"href":"https:\/\/euskadi.verdesequo.es\/EU\/wp-json\/wp\/v2\/posts"}],"about":[{"href":"https:\/\/euskadi.verdesequo.es\/EU\/wp-json\/wp\/v2\/types\/post"}],"author":[{"embeddable":true,"href":"https:\/\/euskadi.verdesequo.es\/EU\/wp-json\/wp\/v2\/users\/1"}],"replies":[{"embeddable":true,"href":"https:\/\/euskadi.verdesequo.es\/EU\/wp-json\/wp\/v2\/comments?post=64158"}],"version-history":[{"count":1,"href":"https:\/\/euskadi.verdesequo.es\/EU\/wp-json\/wp\/v2\/posts\/64158\/revisions"}],"predecessor-version":[{"id":64159,"href":"https:\/\/euskadi.verdesequo.es\/EU\/wp-json\/wp\/v2\/posts\/64158\/revisions\/64159"}],"wp:featuredmedia":[{"embeddable":true,"href":"https:\/\/euskadi.verdesequo.es\/EU\/wp-json\/wp\/v2\/media\/63477"}],"wp:attachment":[{"href":"https:\/\/euskadi.verdesequo.es\/EU\/wp-json\/wp\/v2\/media?parent=64158"}],"wp:term":[{"taxonomy":"category","embeddable":true,"href":"https:\/\/euskadi.verdesequo.es\/EU\/wp-json\/wp\/v2\/categories?post=64158"},{"taxonomy":"post_tag","embeddable":true,"href":"https:\/\/euskadi.verdesequo.es\/EU\/wp-json\/wp\/v2\/tags?post=64158"}],"curies":[{"name":"wp","href":"https:\/\/api.w.org\/{rel}","templated":true}]}}