{"id":63842,"date":"2020-05-06T14:34:09","date_gmt":"2020-05-06T12:34:09","guid":{"rendered":"http:\/\/euskadi.partidoequo.es\/?p=63842"},"modified":"2020-05-06T16:21:27","modified_gmt":"2020-05-06T14:21:27","slug":"equo-berdeak-se-reune-con-ccoo-para-trasladarles-sus-propuestas-para-la-reconstruccion-economica-y-social-verde-post-covid-19-para-euskadi","status":"publish","type":"post","link":"https:\/\/euskadi.verdesequo.es\/EU\/2020\/05\/06\/equo-berdeak-se-reune-con-ccoo-para-trasladarles-sus-propuestas-para-la-reconstruccion-economica-y-social-verde-post-covid-19-para-euskadi\/","title":{"rendered":"(Castellano) EQUO Berdeak se re\u00fane con CCOO para trasladarles sus propuestas para la reconstrucci\u00f3n econ\u00f3mica y social verde post COVID 19 para Euskadi\u00a0"},"content":{"rendered":"<p class=\"qtranxs-available-languages-message qtranxs-available-languages-message-EU\">Barkatu, hau ez dago euskararaturik oraindik...<\/p>","protected":false},"excerpt":{"rendered":"<p>Barkatu, hau ez dago euskararaturik oraindik&#8230;<\/p>\n","protected":false},"author":1,"featured_media":63843,"comment_status":"open","ping_status":"open","sticky":false,"template":"","format":"standard","meta":{"footnotes":""},"categories":[],"tags":[799,2081,764,2132],"class_list":{"0":"post-63842","1":"post","2":"type-post","3":"status-publish","4":"format-standard","5":"has-post-thumbnail","7":"tag-ccoo","8":"tag-covid19","9":"tag-equo-berdeak","10":"tag-reconstruccion-verde","11":"czr-hentry"},"aioseo_notices":[],"_links":{"self":[{"href":"https:\/\/euskadi.verdesequo.es\/EU\/wp-json\/wp\/v2\/posts\/63842","targetHints":{"allow":["GET"]}}],"collection":[{"href":"https:\/\/euskadi.verdesequo.es\/EU\/wp-json\/wp\/v2\/posts"}],"about":[{"href":"https:\/\/euskadi.verdesequo.es\/EU\/wp-json\/wp\/v2\/types\/post"}],"author":[{"embeddable":true,"href":"https:\/\/euskadi.verdesequo.es\/EU\/wp-json\/wp\/v2\/users\/1"}],"replies":[{"embeddable":true,"href":"https:\/\/euskadi.verdesequo.es\/EU\/wp-json\/wp\/v2\/comments?post=63842"}],"version-history":[{"count":3,"href":"https:\/\/euskadi.verdesequo.es\/EU\/wp-json\/wp\/v2\/posts\/63842\/revisions"}],"predecessor-version":[{"id":63848,"href":"https:\/\/euskadi.verdesequo.es\/EU\/wp-json\/wp\/v2\/posts\/63842\/revisions\/63848"}],"wp:featuredmedia":[{"embeddable":true,"href":"https:\/\/euskadi.verdesequo.es\/EU\/wp-json\/wp\/v2\/media\/63843"}],"wp:attachment":[{"href":"https:\/\/euskadi.verdesequo.es\/EU\/wp-json\/wp\/v2\/media?parent=63842"}],"wp:term":[{"taxonomy":"category","embeddable":true,"href":"https:\/\/euskadi.verdesequo.es\/EU\/wp-json\/wp\/v2\/categories?post=63842"},{"taxonomy":"post_tag","embeddable":true,"href":"https:\/\/euskadi.verdesequo.es\/EU\/wp-json\/wp\/v2\/tags?post=63842"}],"curies":[{"name":"wp","href":"https:\/\/api.w.org\/{rel}","templated":true}]}}