{"id":63755,"date":"2020-03-30T20:15:40","date_gmt":"2020-03-30T18:15:40","guid":{"rendered":"http:\/\/euskadi.partidoequo.es\/?p=63755"},"modified":"2020-03-30T20:30:35","modified_gmt":"2020-03-30T18:30:35","slug":"equo-berdeak-pide-a-urtaran-que-retrase-la-aprobacion-de-proyectos-con-exposicion-publica-hasta-que-se-levante-el-estado-de-alarma","status":"publish","type":"post","link":"https:\/\/euskadi.verdesequo.es\/EU\/2020\/03\/30\/equo-berdeak-pide-a-urtaran-que-retrase-la-aprobacion-de-proyectos-con-exposicion-publica-hasta-que-se-levante-el-estado-de-alarma\/","title":{"rendered":"(Castellano) EQUO Berdeak pide a Urtaran que retrase la aprobaci\u00f3n de proyectos con exposici\u00f3n p\u00fablica hasta que se levante el estado de alarma"},"content":{"rendered":"<p class=\"qtranxs-available-languages-message qtranxs-available-languages-message-EU\">Barkatu, hau ez dago euskararaturik oraindik...<\/p>","protected":false},"excerpt":{"rendered":"<p>Barkatu, hau ez dago euskararaturik oraindik&#8230;<\/p>\n","protected":false},"author":1,"featured_media":63757,"comment_status":"open","ping_status":"open","sticky":false,"template":"","format":"standard","meta":{"footnotes":""},"categories":[],"tags":[2099,764,2100,2101,484],"class_list":{"0":"post-63755","1":"post","2":"type-post","3":"status-publish","4":"format-standard","5":"has-post-thumbnail","7":"tag-cocheras-tuvisa","8":"tag-equo-berdeak","9":"tag-estado-alarma","10":"tag-proyectos-municipales","11":"tag-vitoria-gasteiz","12":"czr-hentry"},"aioseo_notices":[],"_links":{"self":[{"href":"https:\/\/euskadi.verdesequo.es\/EU\/wp-json\/wp\/v2\/posts\/63755","targetHints":{"allow":["GET"]}}],"collection":[{"href":"https:\/\/euskadi.verdesequo.es\/EU\/wp-json\/wp\/v2\/posts"}],"about":[{"href":"https:\/\/euskadi.verdesequo.es\/EU\/wp-json\/wp\/v2\/types\/post"}],"author":[{"embeddable":true,"href":"https:\/\/euskadi.verdesequo.es\/EU\/wp-json\/wp\/v2\/users\/1"}],"replies":[{"embeddable":true,"href":"https:\/\/euskadi.verdesequo.es\/EU\/wp-json\/wp\/v2\/comments?post=63755"}],"version-history":[{"count":2,"href":"https:\/\/euskadi.verdesequo.es\/EU\/wp-json\/wp\/v2\/posts\/63755\/revisions"}],"predecessor-version":[{"id":63758,"href":"https:\/\/euskadi.verdesequo.es\/EU\/wp-json\/wp\/v2\/posts\/63755\/revisions\/63758"}],"wp:featuredmedia":[{"embeddable":true,"href":"https:\/\/euskadi.verdesequo.es\/EU\/wp-json\/wp\/v2\/media\/63757"}],"wp:attachment":[{"href":"https:\/\/euskadi.verdesequo.es\/EU\/wp-json\/wp\/v2\/media?parent=63755"}],"wp:term":[{"taxonomy":"category","embeddable":true,"href":"https:\/\/euskadi.verdesequo.es\/EU\/wp-json\/wp\/v2\/categories?post=63755"},{"taxonomy":"post_tag","embeddable":true,"href":"https:\/\/euskadi.verdesequo.es\/EU\/wp-json\/wp\/v2\/tags?post=63755"}],"curies":[{"name":"wp","href":"https:\/\/api.w.org\/{rel}","templated":true}]}}