{"id":63545,"date":"2020-02-09T10:41:07","date_gmt":"2020-02-09T09:41:07","guid":{"rendered":"http:\/\/euskadi.partidoequo.es\/?p=63545"},"modified":"2020-02-10T12:46:09","modified_gmt":"2020-02-10T11:46:09","slug":"elkarrekin-podemos-denuncia-que-ningun-alto-cargo-de-gobierno-vasco-y-diputacion-se-haya-acercado-todavia-al-lugar-del-siniestro","status":"publish","type":"post","link":"https:\/\/euskadi.verdesequo.es\/EU\/2020\/02\/09\/elkarrekin-podemos-denuncia-que-ningun-alto-cargo-de-gobierno-vasco-y-diputacion-se-haya-acercado-todavia-al-lugar-del-siniestro\/","title":{"rendered":"(Castellano) Elkarrekin Podemos denuncia que ning\u00fan alto cargo de Gobierno Vasco y Diputaci\u00f3n se haya acercado todav\u00eda a Zaldibar"},"content":{"rendered":"<p class=\"qtranxs-available-languages-message qtranxs-available-languages-message-EU\">Barkatu, hau ez dago euskararaturik oraindik...<\/p>","protected":false},"excerpt":{"rendered":"<p>Barkatu, hau ez dago euskararaturik oraindik&#8230;<\/p>\n","protected":false},"author":1,"featured_media":63546,"comment_status":"open","ping_status":"open","sticky":false,"template":"","format":"standard","meta":{"footnotes":""},"categories":[],"tags":[1675,656,2065,612,659,2066,599,613,582,2064,2063],"class_list":{"0":"post-63545","1":"post","2":"type-post","3":"status-publish","4":"format-standard","5":"has-post-thumbnail","7":"tag-amianto","8":"tag-calidad-del-aire","9":"tag-catastrofe-medioambienta","10":"tag-contaminacion","11":"tag-eibar","12":"tag-ermua","13":"tag-jose-ramon-becerra","14":"tag-lindano","15":"tag-residuos","16":"tag-vertedero","17":"tag-zalbibar","18":"czr-hentry"},"aioseo_notices":[],"_links":{"self":[{"href":"https:\/\/euskadi.verdesequo.es\/EU\/wp-json\/wp\/v2\/posts\/63545","targetHints":{"allow":["GET"]}}],"collection":[{"href":"https:\/\/euskadi.verdesequo.es\/EU\/wp-json\/wp\/v2\/posts"}],"about":[{"href":"https:\/\/euskadi.verdesequo.es\/EU\/wp-json\/wp\/v2\/types\/post"}],"author":[{"embeddable":true,"href":"https:\/\/euskadi.verdesequo.es\/EU\/wp-json\/wp\/v2\/users\/1"}],"replies":[{"embeddable":true,"href":"https:\/\/euskadi.verdesequo.es\/EU\/wp-json\/wp\/v2\/comments?post=63545"}],"version-history":[{"count":2,"href":"https:\/\/euskadi.verdesequo.es\/EU\/wp-json\/wp\/v2\/posts\/63545\/revisions"}],"predecessor-version":[{"id":63549,"href":"https:\/\/euskadi.verdesequo.es\/EU\/wp-json\/wp\/v2\/posts\/63545\/revisions\/63549"}],"wp:featuredmedia":[{"embeddable":true,"href":"https:\/\/euskadi.verdesequo.es\/EU\/wp-json\/wp\/v2\/media\/63546"}],"wp:attachment":[{"href":"https:\/\/euskadi.verdesequo.es\/EU\/wp-json\/wp\/v2\/media?parent=63545"}],"wp:term":[{"taxonomy":"category","embeddable":true,"href":"https:\/\/euskadi.verdesequo.es\/EU\/wp-json\/wp\/v2\/categories?post=63545"},{"taxonomy":"post_tag","embeddable":true,"href":"https:\/\/euskadi.verdesequo.es\/EU\/wp-json\/wp\/v2\/tags?post=63545"}],"curies":[{"name":"wp","href":"https:\/\/api.w.org\/{rel}","templated":true}]}}