{"id":63421,"date":"2019-12-20T12:08:53","date_gmt":"2019-12-20T11:08:53","guid":{"rendered":"http:\/\/euskadi.partidoequo.es\/?p=63421"},"modified":"2019-12-20T12:08:53","modified_gmt":"2019-12-20T11:08:53","slug":"las-cooperativas-de-euskadi-no-tienen-mas-futuro-con-esta-nueva-ley-jose-ramon-becerra","status":"publish","type":"post","link":"https:\/\/euskadi.verdesequo.es\/EU\/2019\/12\/20\/las-cooperativas-de-euskadi-no-tienen-mas-futuro-con-esta-nueva-ley-jose-ramon-becerra\/","title":{"rendered":"(Castellano) &#8221;Las cooperativas de Euskadi no tienen m\u00e1s futuro con esta nueva Ley&#8221;: Jos\u00e9 Ram\u00f3n Becerra"},"content":{"rendered":"<p class=\"qtranxs-available-languages-message qtranxs-available-languages-message-EU\">Barkatu, hau ez dago euskararaturik oraindik...<\/p>","protected":false},"excerpt":{"rendered":"<p>Barkatu, hau ez dago euskararaturik oraindik&#8230;<\/p>\n","protected":false},"author":1,"featured_media":63423,"comment_status":"open","ping_status":"open","sticky":false,"template":"","format":"standard","meta":{"footnotes":""},"categories":[],"tags":[596,599,2031],"class_list":{"0":"post-63421","1":"post","2":"type-post","3":"status-publish","4":"format-standard","5":"has-post-thumbnail","7":"tag-elkarrekin-podemos","8":"tag-jose-ramon-becerra","9":"tag-ley-de-cooperativas","10":"czr-hentry"},"aioseo_notices":[],"_links":{"self":[{"href":"https:\/\/euskadi.verdesequo.es\/EU\/wp-json\/wp\/v2\/posts\/63421","targetHints":{"allow":["GET"]}}],"collection":[{"href":"https:\/\/euskadi.verdesequo.es\/EU\/wp-json\/wp\/v2\/posts"}],"about":[{"href":"https:\/\/euskadi.verdesequo.es\/EU\/wp-json\/wp\/v2\/types\/post"}],"author":[{"embeddable":true,"href":"https:\/\/euskadi.verdesequo.es\/EU\/wp-json\/wp\/v2\/users\/1"}],"replies":[{"embeddable":true,"href":"https:\/\/euskadi.verdesequo.es\/EU\/wp-json\/wp\/v2\/comments?post=63421"}],"version-history":[{"count":1,"href":"https:\/\/euskadi.verdesequo.es\/EU\/wp-json\/wp\/v2\/posts\/63421\/revisions"}],"predecessor-version":[{"id":63424,"href":"https:\/\/euskadi.verdesequo.es\/EU\/wp-json\/wp\/v2\/posts\/63421\/revisions\/63424"}],"wp:featuredmedia":[{"embeddable":true,"href":"https:\/\/euskadi.verdesequo.es\/EU\/wp-json\/wp\/v2\/media\/63423"}],"wp:attachment":[{"href":"https:\/\/euskadi.verdesequo.es\/EU\/wp-json\/wp\/v2\/media?parent=63421"}],"wp:term":[{"taxonomy":"category","embeddable":true,"href":"https:\/\/euskadi.verdesequo.es\/EU\/wp-json\/wp\/v2\/categories?post=63421"},{"taxonomy":"post_tag","embeddable":true,"href":"https:\/\/euskadi.verdesequo.es\/EU\/wp-json\/wp\/v2\/tags?post=63421"}],"curies":[{"name":"wp","href":"https:\/\/api.w.org\/{rel}","templated":true}]}}