{"id":63052,"date":"2019-08-26T11:39:08","date_gmt":"2019-08-26T09:39:08","guid":{"rendered":"http:\/\/euskadi.partidoequo.es\/?p=63052"},"modified":"2019-08-26T11:40:53","modified_gmt":"2019-08-26T09:40:53","slug":"pedimos-mas-vigilancia-ante-la-aparicion-de-pintadas-xenofobas-en-diferentes-puntos-de-vitoria-gasteiz","status":"publish","type":"post","link":"https:\/\/euskadi.verdesequo.es\/EU\/2019\/08\/26\/pedimos-mas-vigilancia-ante-la-aparicion-de-pintadas-xenofobas-en-diferentes-puntos-de-vitoria-gasteiz\/","title":{"rendered":"(Castellano) Pedimos m\u00e1s vigilancia ante la aparici\u00f3n de pintadas xen\u00f3fobas en diferentes puntos de Vitoria-Gasteiz"},"content":{"rendered":"<p class=\"qtranxs-available-languages-message qtranxs-available-languages-message-EU\">Barkatu, hau ez dago euskararaturik oraindik...<\/p>","protected":false},"excerpt":{"rendered":"<p>Barkatu, hau ez dago euskararaturik oraindik&#8230;<\/p>\n","protected":false},"author":1,"featured_media":63053,"comment_status":"open","ping_status":"open","sticky":false,"template":"","format":"standard","meta":{"footnotes":""},"categories":[880],"tags":[1973,484,388],"class_list":{"0":"post-63052","1":"post","2":"type-post","3":"status-publish","4":"format-standard","5":"has-post-thumbnail","7":"category-alava","8":"tag-pintadas","9":"tag-vitoria-gasteiz","10":"tag-xenofobia","11":"czr-hentry"},"aioseo_notices":[],"_links":{"self":[{"href":"https:\/\/euskadi.verdesequo.es\/EU\/wp-json\/wp\/v2\/posts\/63052","targetHints":{"allow":["GET"]}}],"collection":[{"href":"https:\/\/euskadi.verdesequo.es\/EU\/wp-json\/wp\/v2\/posts"}],"about":[{"href":"https:\/\/euskadi.verdesequo.es\/EU\/wp-json\/wp\/v2\/types\/post"}],"author":[{"embeddable":true,"href":"https:\/\/euskadi.verdesequo.es\/EU\/wp-json\/wp\/v2\/users\/1"}],"replies":[{"embeddable":true,"href":"https:\/\/euskadi.verdesequo.es\/EU\/wp-json\/wp\/v2\/comments?post=63052"}],"version-history":[{"count":1,"href":"https:\/\/euskadi.verdesequo.es\/EU\/wp-json\/wp\/v2\/posts\/63052\/revisions"}],"predecessor-version":[{"id":63054,"href":"https:\/\/euskadi.verdesequo.es\/EU\/wp-json\/wp\/v2\/posts\/63052\/revisions\/63054"}],"wp:featuredmedia":[{"embeddable":true,"href":"https:\/\/euskadi.verdesequo.es\/EU\/wp-json\/wp\/v2\/media\/63053"}],"wp:attachment":[{"href":"https:\/\/euskadi.verdesequo.es\/EU\/wp-json\/wp\/v2\/media?parent=63052"}],"wp:term":[{"taxonomy":"category","embeddable":true,"href":"https:\/\/euskadi.verdesequo.es\/EU\/wp-json\/wp\/v2\/categories?post=63052"},{"taxonomy":"post_tag","embeddable":true,"href":"https:\/\/euskadi.verdesequo.es\/EU\/wp-json\/wp\/v2\/tags?post=63052"}],"curies":[{"name":"wp","href":"https:\/\/api.w.org\/{rel}","templated":true}]}}