{"id":62987,"date":"2019-07-11T15:55:53","date_gmt":"2019-07-11T13:55:53","guid":{"rendered":"http:\/\/euskadi.partidoequo.es\/?p=62987"},"modified":"2019-07-11T15:55:53","modified_gmt":"2019-07-11T13:55:53","slug":"elkarrekin-podemos-impulsara-una-nueva-ley-para-la-proteccion-y-el-bienestar-de-los-animales-domesticos-en-euskadi","status":"publish","type":"post","link":"https:\/\/euskadi.verdesequo.es\/EU\/2019\/07\/11\/elkarrekin-podemos-impulsara-una-nueva-ley-para-la-proteccion-y-el-bienestar-de-los-animales-domesticos-en-euskadi\/","title":{"rendered":"(Castellano) Elkarrekin Podemos impulsar\u00e1 una nueva ley para la protecci\u00f3n y el bienestar de los animales dom\u00e9sticos en Euskadi"},"content":{"rendered":"<p class=\"qtranxs-available-languages-message qtranxs-available-languages-message-EU\">Barkatu, hau ez dago euskararaturik oraindik...<\/p>","protected":false},"excerpt":{"rendered":"<p>Barkatu, hau ez dago euskararaturik oraindik&#8230;<\/p>\n","protected":false},"author":1,"featured_media":0,"comment_status":"open","ping_status":"open","sticky":false,"template":"","format":"standard","meta":{"footnotes":""},"categories":[],"tags":[],"class_list":["post-62987","post","type-post","status-publish","format-standard","czr-hentry"],"aioseo_notices":[],"_links":{"self":[{"href":"https:\/\/euskadi.verdesequo.es\/EU\/wp-json\/wp\/v2\/posts\/62987","targetHints":{"allow":["GET"]}}],"collection":[{"href":"https:\/\/euskadi.verdesequo.es\/EU\/wp-json\/wp\/v2\/posts"}],"about":[{"href":"https:\/\/euskadi.verdesequo.es\/EU\/wp-json\/wp\/v2\/types\/post"}],"author":[{"embeddable":true,"href":"https:\/\/euskadi.verdesequo.es\/EU\/wp-json\/wp\/v2\/users\/1"}],"replies":[{"embeddable":true,"href":"https:\/\/euskadi.verdesequo.es\/EU\/wp-json\/wp\/v2\/comments?post=62987"}],"version-history":[{"count":2,"href":"https:\/\/euskadi.verdesequo.es\/EU\/wp-json\/wp\/v2\/posts\/62987\/revisions"}],"predecessor-version":[{"id":62991,"href":"https:\/\/euskadi.verdesequo.es\/EU\/wp-json\/wp\/v2\/posts\/62987\/revisions\/62991"}],"wp:attachment":[{"href":"https:\/\/euskadi.verdesequo.es\/EU\/wp-json\/wp\/v2\/media?parent=62987"}],"wp:term":[{"taxonomy":"category","embeddable":true,"href":"https:\/\/euskadi.verdesequo.es\/EU\/wp-json\/wp\/v2\/categories?post=62987"},{"taxonomy":"post_tag","embeddable":true,"href":"https:\/\/euskadi.verdesequo.es\/EU\/wp-json\/wp\/v2\/tags?post=62987"}],"curies":[{"name":"wp","href":"https:\/\/api.w.org\/{rel}","templated":true}]}}