{"id":62911,"date":"2019-06-05T08:50:00","date_gmt":"2019-06-05T07:50:00","guid":{"rendered":"http:\/\/euskadi.partidoequo.es\/?p=62911"},"modified":"2019-06-05T09:50:27","modified_gmt":"2019-06-05T07:50:27","slug":"protejamos-nuestro-medioambiente-y-nuestro-planeta","status":"publish","type":"post","link":"https:\/\/euskadi.verdesequo.es\/EU\/2019\/06\/05\/protejamos-nuestro-medioambiente-y-nuestro-planeta\/","title":{"rendered":"Protejamos nuestro medioambiente y nuestro planeta"},"content":{"rendered":"<p><strong>Como cada a\u00f1o, el 5 de junio se celebra el D\u00eda Mundial del Medio Ambiente. Este a\u00f1o desde Naciones Unidas se ha propuesto que gire en torno a la &#8220;contaminaci\u00f3n del aire&#8221;; y hacer una llamada a la acci\u00f3n para ayudar a combatir un grave problema que afecta a millones de personas en todo el mundo.<\/strong><\/p>\n<p><span style=\"font-weight: 400;\">Por ello, desde EQUO os invitamos a considerar los cambios que podemos hacer en nuestro d\u00eda a d\u00eda para reducir la contaminaci\u00f3n del aire que generamos en nuestra vida cotidiana. El objetivo es, ni m\u00e1s ni menos, que eliminar de forma progresiva nuestra contribuci\u00f3n individual al calentamiento global y, de este modo, detener sus perniciosos efectos en nuestra salud, y la del planeta. <\/span><\/p>\n<p><span style=\"font-weight: 400;\">Adem\u00e1s, estamos ante una emergencia clim\u00e1tica y debemos actuar para hacer frente desde las instituciones y los gobiernos. Seg\u00fan la comunidad internacional solo tenemos 12 a\u00f1os, pero no podemos esperar ni un minuto m\u00e1s para actuar, necesitamos proteger nuestro medioambiente y nuestro planeta. <\/span><span style=\"font-weight: 400;\"><br \/>\n<\/span><\/p>\n<p><iframe loading=\"lazy\" src=\"https:\/\/www.youtube.com\/embed\/u3bYv8uhW0w?rel=0\" width=\"640\" height=\"400\" frameborder=\"0\" allowfullscreen=\"allowfullscreen\"><\/iframe><\/p>\n","protected":false},"excerpt":{"rendered":"<p>Como cada a\u00f1o, el 5 de junio se celebra el D\u00eda Mundial del Medio Ambiente. Por ello queremos hacer una llamada a la acci\u00f3n para ayudar a combatir un grave problema que afecta a millones de personas en todo el mundo.<\/p>\n","protected":false},"author":1,"featured_media":62913,"comment_status":"closed","ping_status":"closed","sticky":false,"template":"","format":"standard","meta":{"footnotes":""},"categories":[],"tags":[612,1948,8,724,794],"class_list":{"0":"post-62911","1":"post","2":"type-post","3":"status-publish","4":"format-standard","5":"has-post-thumbnail","7":"tag-contaminacion","8":"tag-dia-mundial-del-medioambiente","9":"tag-equo","10":"tag-partido-verde","11":"tag-politicas-verdes","12":"czr-hentry"},"aioseo_notices":[],"_links":{"self":[{"href":"https:\/\/euskadi.verdesequo.es\/EU\/wp-json\/wp\/v2\/posts\/62911","targetHints":{"allow":["GET"]}}],"collection":[{"href":"https:\/\/euskadi.verdesequo.es\/EU\/wp-json\/wp\/v2\/posts"}],"about":[{"href":"https:\/\/euskadi.verdesequo.es\/EU\/wp-json\/wp\/v2\/types\/post"}],"author":[{"embeddable":true,"href":"https:\/\/euskadi.verdesequo.es\/EU\/wp-json\/wp\/v2\/users\/1"}],"replies":[{"embeddable":true,"href":"https:\/\/euskadi.verdesequo.es\/EU\/wp-json\/wp\/v2\/comments?post=62911"}],"version-history":[{"count":1,"href":"https:\/\/euskadi.verdesequo.es\/EU\/wp-json\/wp\/v2\/posts\/62911\/revisions"}],"predecessor-version":[{"id":62912,"href":"https:\/\/euskadi.verdesequo.es\/EU\/wp-json\/wp\/v2\/posts\/62911\/revisions\/62912"}],"wp:featuredmedia":[{"embeddable":true,"href":"https:\/\/euskadi.verdesequo.es\/EU\/wp-json\/wp\/v2\/media\/62913"}],"wp:attachment":[{"href":"https:\/\/euskadi.verdesequo.es\/EU\/wp-json\/wp\/v2\/media?parent=62911"}],"wp:term":[{"taxonomy":"category","embeddable":true,"href":"https:\/\/euskadi.verdesequo.es\/EU\/wp-json\/wp\/v2\/categories?post=62911"},{"taxonomy":"post_tag","embeddable":true,"href":"https:\/\/euskadi.verdesequo.es\/EU\/wp-json\/wp\/v2\/tags?post=62911"}],"curies":[{"name":"wp","href":"https:\/\/api.w.org\/{rel}","templated":true}]}}