{"id":62893,"date":"2019-05-27T13:18:40","date_gmt":"2019-05-27T11:18:40","guid":{"rendered":"http:\/\/euskadi.partidoequo.es\/?p=62893"},"modified":"2019-05-27T15:02:55","modified_gmt":"2019-05-27T13:02:55","slug":"el-espacio-verde-en-la-politica-vasca-tras-el-26m-se-ha-consolidado-a-traves-de-la-coalicion-elkarrekin-podemos","status":"publish","type":"post","link":"https:\/\/euskadi.verdesequo.es\/EU\/2019\/05\/27\/el-espacio-verde-en-la-politica-vasca-tras-el-26m-se-ha-consolidado-a-traves-de-la-coalicion-elkarrekin-podemos\/","title":{"rendered":"Berdea euskal politikan Elkarrekin Podemos koalizioan sendotu da M26aren ostean"},"content":{"rendered":"<p><\/p>\n<p style=\"text-align: justify;\">EQUO BERDEAK alderdiaren ustez, udal eta foru hauteskunde hauetan espero ziren emaitzak lortu ez badira ere, Elkarrekin Podemos koalizioa espazio politiko ezagun eta sendo bezala finkatzeko baliagarri dira.<\/p>\n<p style=\"text-align: justify;\">Hauteskunde hauetan argi geratu da berdeok euskal politikan dugun tokia bermatua dagoela Elkarrekin Podemos koalizioaren eskutik, non EQUO Berdeak alderdiaren ekarpena funtsezkoa den.<\/p>\n<p style=\"text-align: justify;\"><a href=\"http:\/\/euskadi.partidoequo.es\/wp-content\/uploads\/2019\/05\/ravaloraci\u00f3n2.jpg\"><img loading=\"lazy\" decoding=\"async\" class=\"wp-image-62895 aligncenter\" src=\"http:\/\/euskadi.partidoequo.es\/wp-content\/uploads\/2019\/05\/ravaloraci\u00f3n2.jpg\" alt=\"\" width=\"576\" height=\"432\" srcset=\"https:\/\/euskadi.verdesequo.es\/wp-content\/uploads\/2019\/05\/ravaloraci\u00f3n2.jpg 800w, https:\/\/euskadi.verdesequo.es\/wp-content\/uploads\/2019\/05\/ravaloraci\u00f3n2-300x225.jpg 300w, https:\/\/euskadi.verdesequo.es\/wp-content\/uploads\/2019\/05\/ravaloraci\u00f3n2-768x576.jpg 768w, https:\/\/euskadi.verdesequo.es\/wp-content\/uploads\/2019\/05\/ravaloraci\u00f3n2-150x113.jpg 150w\" sizes=\"auto, (max-width: 576px) 100vw, 576px\" \/><\/a><\/p>\n<p style=\"text-align: justify;\">Hala eta guztiz ere, Elkarrekin Podemos koalizioko gure kideen eta toki erakundeetan defendatuko den programaren eskutik, non ekologia politikoa elementu egituratzailea dela onartu den, hurrengo udal- eta foru-legegintzaldian lanean jarraituko dugu politiken erdigunean pertsonak eta ez beste interesak jarriko dituen eredurantz aurrera egiteko bidean, gure udalerrietarako gizarte- eta ingurumen-justizia handiagoa ekarriko duen eredu baterantz alegia.<\/p>\n<p style=\"text-align: justify;\">EQUO Berdeak alderdiarentzat pozgarria da hiriburu nagusietatik bitan zinegotziak mantendu izana; izan ere, herritarrek botoekin babestu dute Carmen Mu\u00f1ozek Bilbon eta \u00d3scar Fern\u00e1ndezek Gasteizen ongi egindako lana. Zoritxarrez, ordea, gure alderdiak ez du Batzar Nagusietarako presentzia zuzena lortu.<\/p>\n<p style=\"text-align: justify;\">EQUO Berdeak alderdiak lanean jarraituko du minutu bat ere galdu gabe politiketan eragiteko helburu argiarekin, klima-larrialdiaren aurrean ekintza politiko urgenteak aldarrikatuz. Gure erronka da Euskadi eta Euskadiko lurralde eta udalerriak erreferentzia bihurtzea politika berdeen alorrean, belaunaldi berriei etorkizuna ziurtatzeko pertsonak eta planeta esplotatu gabe. Eta lanean jarraituko dugu aldaketa lortzeko, aukera ikusten dugun tokian gobernu aurrerakoiak sortzeko.<\/p>\n<p><\/p>","protected":false},"excerpt":{"rendered":"<p>EQUO BERDEAK alderdiaren ustez, udal eta foru hauteskunde hauetan espero ziren emaitzak lortu ez badira ere, Elkarrekin Podemos koalizioa espazio politiko ezagun eta sendo bezala finkatzeko baliagarri dira. Hauteskunde hauetan argi geratu da berdeok euskal politikan dugun tokia bermatua dagoela Elkarrekin Podemos koalizioaren eskutik, non EQUO Berdeak alderdiaren ekarpena funtsezkoa den. Hala eta guztiz ere, [&hellip;]<\/p>\n","protected":false},"author":1,"featured_media":62895,"comment_status":"open","ping_status":"open","sticky":false,"template":"","format":"standard","meta":{"footnotes":""},"categories":[],"tags":[553,1929,764],"class_list":{"0":"post-62893","1":"post","2":"type-post","3":"status-publish","4":"format-standard","5":"has-post-thumbnail","7":"tag-ecologia-politica","8":"tag-elecciones-municipales-forales-2019","9":"tag-equo-berdeak","10":"czr-hentry"},"aioseo_notices":[],"_links":{"self":[{"href":"https:\/\/euskadi.verdesequo.es\/EU\/wp-json\/wp\/v2\/posts\/62893","targetHints":{"allow":["GET"]}}],"collection":[{"href":"https:\/\/euskadi.verdesequo.es\/EU\/wp-json\/wp\/v2\/posts"}],"about":[{"href":"https:\/\/euskadi.verdesequo.es\/EU\/wp-json\/wp\/v2\/types\/post"}],"author":[{"embeddable":true,"href":"https:\/\/euskadi.verdesequo.es\/EU\/wp-json\/wp\/v2\/users\/1"}],"replies":[{"embeddable":true,"href":"https:\/\/euskadi.verdesequo.es\/EU\/wp-json\/wp\/v2\/comments?post=62893"}],"version-history":[{"count":2,"href":"https:\/\/euskadi.verdesequo.es\/EU\/wp-json\/wp\/v2\/posts\/62893\/revisions"}],"predecessor-version":[{"id":62897,"href":"https:\/\/euskadi.verdesequo.es\/EU\/wp-json\/wp\/v2\/posts\/62893\/revisions\/62897"}],"wp:featuredmedia":[{"embeddable":true,"href":"https:\/\/euskadi.verdesequo.es\/EU\/wp-json\/wp\/v2\/media\/62895"}],"wp:attachment":[{"href":"https:\/\/euskadi.verdesequo.es\/EU\/wp-json\/wp\/v2\/media?parent=62893"}],"wp:term":[{"taxonomy":"category","embeddable":true,"href":"https:\/\/euskadi.verdesequo.es\/EU\/wp-json\/wp\/v2\/categories?post=62893"},{"taxonomy":"post_tag","embeddable":true,"href":"https:\/\/euskadi.verdesequo.es\/EU\/wp-json\/wp\/v2\/tags?post=62893"}],"curies":[{"name":"wp","href":"https:\/\/api.w.org\/{rel}","templated":true}]}}