{"id":62870,"date":"2019-05-22T11:33:21","date_gmt":"2019-05-22T09:33:21","guid":{"rendered":"http:\/\/euskadi.partidoequo.es\/?p=62870"},"modified":"2019-05-23T11:52:41","modified_gmt":"2019-05-23T09:52:41","slug":"elkarrekin-podemos-defiende-en-vitoria-una-fiscalidad-que-garantice-los-servicios-publicos-en-la-que-pague-mas-quien-mas-tiene","status":"publish","type":"post","link":"https:\/\/euskadi.verdesequo.es\/EU\/2019\/05\/22\/elkarrekin-podemos-defiende-en-vitoria-una-fiscalidad-que-garantice-los-servicios-publicos-en-la-que-pague-mas-quien-mas-tiene\/","title":{"rendered":"(Castellano) Elkarrekin Podemos defiende en Vitoria una fiscalidad que garantice los servicios p\u00fablicos en la que pague m\u00e1s quien m\u00e1s tiene"},"content":{"rendered":"<p class=\"qtranxs-available-languages-message qtranxs-available-languages-message-EU\">Barkatu, hau ez dago euskararaturik oraindik...<\/p>","protected":false},"excerpt":{"rendered":"<p>Barkatu, hau ez dago euskararaturik oraindik&#8230;<\/p>\n","protected":false},"author":1,"featured_media":62871,"comment_status":"open","ping_status":"open","sticky":false,"template":"","format":"standard","meta":{"footnotes":""},"categories":[880],"tags":[1929,596,1945,1287,584,484],"class_list":{"0":"post-62870","1":"post","2":"type-post","3":"status-publish","4":"format-standard","5":"has-post-thumbnail","7":"category-alava","8":"tag-elecciones-municipales-forales-2019","9":"tag-elkarrekin-podemos","10":"tag-fiscalidad-progresiva","11":"tag-fiscalidad-verde","12":"tag-oscar-fernandez","13":"tag-vitoria-gasteiz","14":"czr-hentry"},"aioseo_notices":[],"_links":{"self":[{"href":"https:\/\/euskadi.verdesequo.es\/EU\/wp-json\/wp\/v2\/posts\/62870","targetHints":{"allow":["GET"]}}],"collection":[{"href":"https:\/\/euskadi.verdesequo.es\/EU\/wp-json\/wp\/v2\/posts"}],"about":[{"href":"https:\/\/euskadi.verdesequo.es\/EU\/wp-json\/wp\/v2\/types\/post"}],"author":[{"embeddable":true,"href":"https:\/\/euskadi.verdesequo.es\/EU\/wp-json\/wp\/v2\/users\/1"}],"replies":[{"embeddable":true,"href":"https:\/\/euskadi.verdesequo.es\/EU\/wp-json\/wp\/v2\/comments?post=62870"}],"version-history":[{"count":1,"href":"https:\/\/euskadi.verdesequo.es\/EU\/wp-json\/wp\/v2\/posts\/62870\/revisions"}],"predecessor-version":[{"id":62872,"href":"https:\/\/euskadi.verdesequo.es\/EU\/wp-json\/wp\/v2\/posts\/62870\/revisions\/62872"}],"wp:featuredmedia":[{"embeddable":true,"href":"https:\/\/euskadi.verdesequo.es\/EU\/wp-json\/wp\/v2\/media\/62871"}],"wp:attachment":[{"href":"https:\/\/euskadi.verdesequo.es\/EU\/wp-json\/wp\/v2\/media?parent=62870"}],"wp:term":[{"taxonomy":"category","embeddable":true,"href":"https:\/\/euskadi.verdesequo.es\/EU\/wp-json\/wp\/v2\/categories?post=62870"},{"taxonomy":"post_tag","embeddable":true,"href":"https:\/\/euskadi.verdesequo.es\/EU\/wp-json\/wp\/v2\/tags?post=62870"}],"curies":[{"name":"wp","href":"https:\/\/api.w.org\/{rel}","templated":true}]}}