{"id":62858,"date":"2019-05-18T17:51:23","date_gmt":"2019-05-18T15:51:23","guid":{"rendered":"http:\/\/euskadi.partidoequo.es\/?p=62858"},"modified":"2019-05-20T18:13:19","modified_gmt":"2019-05-20T16:13:19","slug":"la-unica-garantia-de-cambio-frente-a-un-modelo-de-gobierno-que-impone-politicas-partidistas-y-rompe-los-consensos-ciudadanos","status":"publish","type":"post","link":"https:\/\/euskadi.verdesequo.es\/EU\/2019\/05\/18\/la-unica-garantia-de-cambio-frente-a-un-modelo-de-gobierno-que-impone-politicas-partidistas-y-rompe-los-consensos-ciudadanos\/","title":{"rendered":"(Castellano) Elkarrekin Podemos, la \u00fanica garant\u00eda de cambio frente gobiernos que imponen pol\u00edticas partidistas y rompen los consensos ciudadanos"},"content":{"rendered":"<p class=\"qtranxs-available-languages-message qtranxs-available-languages-message-EU\">Barkatu, hau ez dago euskararaturik oraindik...<\/p>","protected":false},"excerpt":{"rendered":"<p>Barkatu, hau ez dago euskararaturik oraindik&#8230;<\/p>\n","protected":false},"author":1,"featured_media":62861,"comment_status":"open","ping_status":"open","sticky":false,"template":"","format":"standard","meta":{"footnotes":""},"categories":[880],"tags":[1929,764,584,600,1943],"class_list":{"0":"post-62858","1":"post","2":"type-post","3":"status-publish","4":"format-standard","5":"has-post-thumbnail","7":"category-alava","8":"tag-elecciones-municipales-forales-2019","9":"tag-equo-berdeak","10":"tag-oscar-fernandez","11":"tag-oskar-fernandez","12":"tag-voto-verde","13":"czr-hentry"},"aioseo_notices":[],"_links":{"self":[{"href":"https:\/\/euskadi.verdesequo.es\/EU\/wp-json\/wp\/v2\/posts\/62858","targetHints":{"allow":["GET"]}}],"collection":[{"href":"https:\/\/euskadi.verdesequo.es\/EU\/wp-json\/wp\/v2\/posts"}],"about":[{"href":"https:\/\/euskadi.verdesequo.es\/EU\/wp-json\/wp\/v2\/types\/post"}],"author":[{"embeddable":true,"href":"https:\/\/euskadi.verdesequo.es\/EU\/wp-json\/wp\/v2\/users\/1"}],"replies":[{"embeddable":true,"href":"https:\/\/euskadi.verdesequo.es\/EU\/wp-json\/wp\/v2\/comments?post=62858"}],"version-history":[{"count":3,"href":"https:\/\/euskadi.verdesequo.es\/EU\/wp-json\/wp\/v2\/posts\/62858\/revisions"}],"predecessor-version":[{"id":62863,"href":"https:\/\/euskadi.verdesequo.es\/EU\/wp-json\/wp\/v2\/posts\/62858\/revisions\/62863"}],"wp:featuredmedia":[{"embeddable":true,"href":"https:\/\/euskadi.verdesequo.es\/EU\/wp-json\/wp\/v2\/media\/62861"}],"wp:attachment":[{"href":"https:\/\/euskadi.verdesequo.es\/EU\/wp-json\/wp\/v2\/media?parent=62858"}],"wp:term":[{"taxonomy":"category","embeddable":true,"href":"https:\/\/euskadi.verdesequo.es\/EU\/wp-json\/wp\/v2\/categories?post=62858"},{"taxonomy":"post_tag","embeddable":true,"href":"https:\/\/euskadi.verdesequo.es\/EU\/wp-json\/wp\/v2\/tags?post=62858"}],"curies":[{"name":"wp","href":"https:\/\/api.w.org\/{rel}","templated":true}]}}