{"id":62843,"date":"2019-05-16T15:26:48","date_gmt":"2019-05-16T14:26:48","guid":{"rendered":"http:\/\/euskadi.partidoequo.es\/?p=62843"},"modified":"2019-05-16T16:27:25","modified_gmt":"2019-05-16T14:27:25","slug":"europeas-autonomicas-y-municipales-quien-puede-votar","status":"publish","type":"post","link":"https:\/\/euskadi.verdesequo.es\/EU\/2019\/05\/16\/europeas-autonomicas-y-municipales-quien-puede-votar\/","title":{"rendered":"Europeas, auton\u00f3micas y municipales: \u00bfqui\u00e9n puede votar?"},"content":{"rendered":"<p><strong>El pr\u00f3ximo 26 de mayo nos enfrentamos a lo que muchos denominan el \u2018superdomingo electoral\u2019, tres elecciones distintas con tres censos diferentes. Esto quiere decir que no todos los ciudadanos y ciudadanas pueden votar en todas las elecciones. Aqu\u00ed te lo explicamos con detalle.\u00a0<\/strong><\/p>\n<p>Las <strong>auton\u00f3micas<\/strong>, en las que se eligen los parlamentos de 12 de las 17 Comunidades Aut\u00f3nomas, son las que tienen el censo m\u00e1s reducido. Pueden votar (y ser votados) en ellas los ciudadanos y ciudadanas espa\u00f1oles (es decir, solo quienes tengan la nacionalidad) residentes en Espa\u00f1a y los y las residentes en el extranjero inscritos en el \u00e1mbito de su Comunidad Aut\u00f3noma previa solicitud (el plazo para solicitarlo en caso de residentes en el extranjero finaliz\u00f3 el d\u00eda 25 de abril), siempre y cuando sean mayores de 18 a\u00f1os. El censo electoral se cierra el d\u00eda 1 de febrero, por lo que aquellos ciudadanos y ciudadanas que hayan obtenido la nacionalidad despu\u00e9s de esa fecha no tendr\u00e1n derecho a voto en las elecciones auton\u00f3micas.<\/p>\n<p>M\u00e1s amplio es el censo electoral para las <strong>elecciones europeas<\/strong>, en las que se decide c\u00f3mo se conformar\u00e1 el Parlamento Europeo. A los espa\u00f1oles en Espa\u00f1a y en el extranjero se le suman todos los ciudadanos y ciudadanas de la Uni\u00f3n Europea empadronados en Espa\u00f1a y que manifiesten su voluntad de ejercer su derecho a voto aqu\u00ed. Adem\u00e1s de cumplir estos requisitos, hay que superar la mayor\u00eda de edad.<\/p>\n<p>En las <strong>elecciones municipales<\/strong> es en las que puede votar y ser votadas un mayor n\u00famero de personas. Pueden hacerlo los espa\u00f1oles y espa\u00f1olas empadronados en alguno de los 8.093 municipios en los que se celebran, los ciudadanos y ciudadanas de la Uni\u00f3n Europea empadronados en Espa\u00f1a y quienes tengan la nacionalidad de pa\u00edses con los que Espa\u00f1a tenga acuerdos de votaci\u00f3n rec\u00edprocos, siempre y cuando residan de manera legal en Espa\u00f1a y manifiesten ante el Censo Electoral su voluntad de ejercer el derecho a voto. El plazo para rogar el voto finaliz\u00f3 el d\u00eda 15 de enero para los no europeos y el d\u00eda 31 de ese mes para los europeos. Estos pa\u00edses son Noruega, Islandia, Trinidad y Tobago, Paraguay, Per\u00fa, Chile, Ecuador, Colombia, Bolivia, Cabo Verde, Nueva Zelanda y Corea del Sur. Solo 470.000 de los 5 millones de inmigrantes que viven en Espa\u00f1a podr\u00e1n votar en estas elecciones.<\/p>\n","protected":false},"excerpt":{"rendered":"<p>El pr\u00f3ximo 26 de mayo nos enfrentamos a lo que muchos denominan el \u2018superdomingo electoral\u2019, tres elecciones distintas con tres censos diferentes. Esto quiere decir que no todos los ciudadanos y ciudadanas pueden votar en todas las elecciones. Aqu\u00ed te lo explicamos con detalle.\u00a0 Las auton\u00f3micas, en las que se eligen los parlamentos de 12 [&hellip;]<\/p>\n","protected":false},"author":1,"featured_media":62845,"comment_status":"closed","ping_status":"closed","sticky":false,"template":"","format":"standard","meta":{"footnotes":""},"categories":[],"tags":[1942,595,513,1053],"class_list":{"0":"post-62843","1":"post","2":"type-post","3":"status-publish","4":"format-standard","5":"has-post-thumbnail","7":"tag-elecciones-2019","8":"tag-elecciones-autonomicas","9":"tag-elecciones-europeas","10":"tag-elecciones-municipales","11":"czr-hentry"},"aioseo_notices":[],"_links":{"self":[{"href":"https:\/\/euskadi.verdesequo.es\/EU\/wp-json\/wp\/v2\/posts\/62843","targetHints":{"allow":["GET"]}}],"collection":[{"href":"https:\/\/euskadi.verdesequo.es\/EU\/wp-json\/wp\/v2\/posts"}],"about":[{"href":"https:\/\/euskadi.verdesequo.es\/EU\/wp-json\/wp\/v2\/types\/post"}],"author":[{"embeddable":true,"href":"https:\/\/euskadi.verdesequo.es\/EU\/wp-json\/wp\/v2\/users\/1"}],"replies":[{"embeddable":true,"href":"https:\/\/euskadi.verdesequo.es\/EU\/wp-json\/wp\/v2\/comments?post=62843"}],"version-history":[{"count":1,"href":"https:\/\/euskadi.verdesequo.es\/EU\/wp-json\/wp\/v2\/posts\/62843\/revisions"}],"predecessor-version":[{"id":62844,"href":"https:\/\/euskadi.verdesequo.es\/EU\/wp-json\/wp\/v2\/posts\/62843\/revisions\/62844"}],"wp:featuredmedia":[{"embeddable":true,"href":"https:\/\/euskadi.verdesequo.es\/EU\/wp-json\/wp\/v2\/media\/62845"}],"wp:attachment":[{"href":"https:\/\/euskadi.verdesequo.es\/EU\/wp-json\/wp\/v2\/media?parent=62843"}],"wp:term":[{"taxonomy":"category","embeddable":true,"href":"https:\/\/euskadi.verdesequo.es\/EU\/wp-json\/wp\/v2\/categories?post=62843"},{"taxonomy":"post_tag","embeddable":true,"href":"https:\/\/euskadi.verdesequo.es\/EU\/wp-json\/wp\/v2\/tags?post=62843"}],"curies":[{"name":"wp","href":"https:\/\/api.w.org\/{rel}","templated":true}]}}