{"id":62782,"date":"2019-05-10T19:22:54","date_gmt":"2019-05-10T17:22:54","guid":{"rendered":"http:\/\/euskadi.partidoequo.es\/?p=62782"},"modified":"2019-05-10T19:32:13","modified_gmt":"2019-05-10T17:32:13","slug":"queremos-una-ciudad-mucho-mas-sostenible-y-mas-verde-el-margen-de-mejora-inmenso-loic-alejandro","status":"publish","type":"post","link":"https:\/\/euskadi.verdesequo.es\/EU\/2019\/05\/10\/queremos-una-ciudad-mucho-mas-sostenible-y-mas-verde-el-margen-de-mejora-inmenso-loic-alejandro\/","title":{"rendered":"(Castellano) &#8221;Queremos unas ciudades mucho m\u00e1s sostenibles y m\u00e1s verdes. El margen de mejora es inmenso&#8221;: Lo\u00efc Alejandro"},"content":{"rendered":"<p class=\"qtranxs-available-languages-message qtranxs-available-languages-message-EU\">Barkatu, hau ez dago euskararaturik oraindik...<\/p>","protected":false},"excerpt":{"rendered":"<p>Barkatu, hau ez dago euskararaturik oraindik&#8230;<\/p>\n","protected":false},"author":1,"featured_media":62784,"comment_status":"open","ping_status":"open","sticky":false,"template":"","format":"standard","meta":{"footnotes":""},"categories":[881],"tags":[501,1929,596,764,620],"class_list":{"0":"post-62782","1":"post","2":"type-post","3":"status-publish","4":"format-standard","5":"has-post-thumbnail","7":"category-guipuzcoa","8":"tag-donostia","9":"tag-elecciones-municipales-forales-2019","10":"tag-elkarrekin-podemos","11":"tag-equo-berdeak","12":"tag-loic-alejandro","13":"czr-hentry"},"aioseo_notices":[],"_links":{"self":[{"href":"https:\/\/euskadi.verdesequo.es\/EU\/wp-json\/wp\/v2\/posts\/62782","targetHints":{"allow":["GET"]}}],"collection":[{"href":"https:\/\/euskadi.verdesequo.es\/EU\/wp-json\/wp\/v2\/posts"}],"about":[{"href":"https:\/\/euskadi.verdesequo.es\/EU\/wp-json\/wp\/v2\/types\/post"}],"author":[{"embeddable":true,"href":"https:\/\/euskadi.verdesequo.es\/EU\/wp-json\/wp\/v2\/users\/1"}],"replies":[{"embeddable":true,"href":"https:\/\/euskadi.verdesequo.es\/EU\/wp-json\/wp\/v2\/comments?post=62782"}],"version-history":[{"count":3,"href":"https:\/\/euskadi.verdesequo.es\/EU\/wp-json\/wp\/v2\/posts\/62782\/revisions"}],"predecessor-version":[{"id":62787,"href":"https:\/\/euskadi.verdesequo.es\/EU\/wp-json\/wp\/v2\/posts\/62782\/revisions\/62787"}],"wp:featuredmedia":[{"embeddable":true,"href":"https:\/\/euskadi.verdesequo.es\/EU\/wp-json\/wp\/v2\/media\/62784"}],"wp:attachment":[{"href":"https:\/\/euskadi.verdesequo.es\/EU\/wp-json\/wp\/v2\/media?parent=62782"}],"wp:term":[{"taxonomy":"category","embeddable":true,"href":"https:\/\/euskadi.verdesequo.es\/EU\/wp-json\/wp\/v2\/categories?post=62782"},{"taxonomy":"post_tag","embeddable":true,"href":"https:\/\/euskadi.verdesequo.es\/EU\/wp-json\/wp\/v2\/tags?post=62782"}],"curies":[{"name":"wp","href":"https:\/\/api.w.org\/{rel}","templated":true}]}}