{"id":62748,"date":"2019-05-09T12:07:49","date_gmt":"2019-05-09T10:07:49","guid":{"rendered":"http:\/\/euskadi.partidoequo.es\/?p=62748"},"modified":"2019-05-10T13:33:38","modified_gmt":"2019-05-10T11:33:38","slug":"elkarrekin-podemos-denuncia-que-barakaldo-es-un-ejemplo-de-la-euskadi-a-dos-velocidades","status":"publish","type":"post","link":"https:\/\/euskadi.verdesequo.es\/EU\/2019\/05\/09\/elkarrekin-podemos-denuncia-que-barakaldo-es-un-ejemplo-de-la-euskadi-a-dos-velocidades\/","title":{"rendered":"Elkarrekin Podemosek salatu du abiadura biko Euskadiren adibide bat dela Barakaldo"},"content":{"rendered":"<p><\/p>\n<ul>\n<li><strong>\u201cUdal- eta foru-politikak hemen bizi den jendearengandik nahiko urrun egon dira, eta beste edozein lekutako arreta-maila berdina behar du\u201d, adierazi du Lander Mart\u00ednezek.<\/strong><\/li>\n<li><strong>\u201cElkarrekin Podemosek herritarrei bizkarra emanez bizi den erakunde bat demokratizatuko du\u201d, adierazi du Eder \u00c1lvarez hautagaiak. <\/strong><\/li>\n<\/ul>\n<p>Ahal Dugu, Ezker Anitza-IU eta Equo Berdeak alderdiek osatutako Elkarrekin Podemos koalizioak ekitaldi politiko bat egin du gaur Barakaldon, eta bertan izan dira Lander Mart\u00ednez, Ahal Dugu Euskadiko idazkari nagusia, Eder \u00c1lvarez, Barakaldoko alkatetzarako hautagaia, Stella Garc\u00eda, Bizkaiko Batzar Nagusietarako hautagaia, eta Eneritz de Madariaga, diputatu nagusi izateko hautagaia (Bizkaiko Batzar Nagusiak).<\/p>\n<p>Lander Mart\u00ednezek adierazi duenez, \u201cEAJk eta PSEk maila guztietan duten akordio instituzionala uzten ari den abiadura biko Euskadiren paradigma da ezkerraldea. Frogatuta geratu da beraien herri-proiektuak pertsona gutxi batzuei eta zona batzuei bakarrik egiten diela mesede. Eta Barakaldo eta bertako jendea gero eta itzal gehiago dituen proiektu horretatik kanpo daude\u201d.<\/p>\n<p>Elkarrekin Podemosen alkatetzarako hautagai Eder \u00c1lvarezek adierazi du udal-hauteskunde hauetan bera buru duen koalizioa \u201cez dela hiru alderdiren arteko ohiko koalizio bat, hautagaitza munizipalista bat da, auzotar independenteak barnean hartzen dituena. Herri-batasuneko hautagaitza bat\u201d.<\/p>\n<p>Bestalde, adierazi du herritarrei bizkarra emanez egin dela kudeaketa, eta adierazi du Elkarrekin Podemosek udalerako duen helburua izango dela \u201cazken urteetan herritarrei bizkarra emanez kudeatzen ari diren erakunde bat demokratizatzea. EAJren eta PSEren arteko azken hamarkada hauetako guztietako gobernuak baztertuko ditugu, eta iraultza munizipalista bat egingo dugu. Ez da normala gardentasunik ez izatea, informazio-eskaerei ez erantzutea, ez da normala Barakaldoko udalean parte-hartzeari lotutako egitura bat ez izatea\u201d.<\/p>\n<p>Bestalde, Bizkaiko Batzar Nagusietarako hautagai Stella Garc\u00edak adierazi du koalizioaren helburuetako bat Bizkaia zuzena, soziala eta parte-hartzailea izan dadin lortzea dela, &#8220;non pertsonek hitza izango duten eta beraien iritzia kontuan izango den. Bizkaia bizia. Hori da gure esparru politikoaren konpromisoa&#8221;.<\/p>\n<p><a href=\"http:\/\/euskadi.partidoequo.es\/wp-content\/uploads\/2019\/05\/stellabaraka-1.jpg\"><img loading=\"lazy\" decoding=\"async\" class=\"wp-image-62750 alignleft\" src=\"http:\/\/euskadi.partidoequo.es\/wp-content\/uploads\/2019\/05\/stellabaraka-1-1024x607.jpg\" alt=\"\" width=\"502\" height=\"297\" srcset=\"https:\/\/euskadi.verdesequo.es\/wp-content\/uploads\/2019\/05\/stellabaraka-1-1024x607.jpg 1024w, https:\/\/euskadi.verdesequo.es\/wp-content\/uploads\/2019\/05\/stellabaraka-1-300x178.jpg 300w, https:\/\/euskadi.verdesequo.es\/wp-content\/uploads\/2019\/05\/stellabaraka-1-768x455.jpg 768w, https:\/\/euskadi.verdesequo.es\/wp-content\/uploads\/2019\/05\/stellabaraka-1-150x89.jpg 150w, https:\/\/euskadi.verdesequo.es\/wp-content\/uploads\/2019\/05\/stellabaraka-1.jpg 1051w\" sizes=\"auto, (max-width: 502px) 100vw, 502px\" \/><\/a> <a href=\"http:\/\/euskadi.partidoequo.es\/wp-content\/uploads\/2019\/05\/rabaraka.jpg\"><img loading=\"lazy\" decoding=\"async\" class=\"alignnone  wp-image-62752\" src=\"http:\/\/euskadi.partidoequo.es\/wp-content\/uploads\/2019\/05\/rabaraka-576x1024.jpg\" alt=\"\" width=\"241\" height=\"428\" srcset=\"https:\/\/euskadi.verdesequo.es\/wp-content\/uploads\/2019\/05\/rabaraka-576x1024.jpg 576w, https:\/\/euskadi.verdesequo.es\/wp-content\/uploads\/2019\/05\/rabaraka-169x300.jpg 169w, https:\/\/euskadi.verdesequo.es\/wp-content\/uploads\/2019\/05\/rabaraka-84x150.jpg 84w, https:\/\/euskadi.verdesequo.es\/wp-content\/uploads\/2019\/05\/rabaraka.jpg 675w\" sizes=\"auto, (max-width: 241px) 100vw, 241px\" \/><\/a><\/p>","protected":false},"excerpt":{"rendered":"<p>\u201cUdal- eta foru-politikak hemen bizi den jendearengandik nahiko urrun egon dira, eta beste edozein lekutako arreta-maila berdina behar du\u201d, adierazi du Lander Mart\u00ednezek. \u201cElkarrekin Podemosek herritarrei bizkarra emanez bizi den erakunde bat demokratizatuko du\u201d, adierazi du Eder \u00c1lvarez hautagaiak. Ahal Dugu, Ezker Anitza-IU eta Equo Berdeak alderdiek osatutako Elkarrekin Podemos koalizioak ekitaldi politiko bat egin [&hellip;]<\/p>\n","protected":false},"author":1,"featured_media":62750,"comment_status":"open","ping_status":"open","sticky":false,"template":"","format":"standard","meta":{"footnotes":""},"categories":[879],"tags":[70,1929,1914,615,1932],"class_list":{"0":"post-62748","1":"post","2":"type-post","3":"status-publish","4":"format-standard","5":"has-post-thumbnail","7":"category-vizcaya","8":"tag-barakaldo","9":"tag-elecciones-municipales-forales-2019","10":"tag-elkarrekinpodemos","11":"tag-ramon-sanchez","12":"tag-stella-garcia","13":"czr-hentry"},"aioseo_notices":[],"_links":{"self":[{"href":"https:\/\/euskadi.verdesequo.es\/EU\/wp-json\/wp\/v2\/posts\/62748","targetHints":{"allow":["GET"]}}],"collection":[{"href":"https:\/\/euskadi.verdesequo.es\/EU\/wp-json\/wp\/v2\/posts"}],"about":[{"href":"https:\/\/euskadi.verdesequo.es\/EU\/wp-json\/wp\/v2\/types\/post"}],"author":[{"embeddable":true,"href":"https:\/\/euskadi.verdesequo.es\/EU\/wp-json\/wp\/v2\/users\/1"}],"replies":[{"embeddable":true,"href":"https:\/\/euskadi.verdesequo.es\/EU\/wp-json\/wp\/v2\/comments?post=62748"}],"version-history":[{"count":2,"href":"https:\/\/euskadi.verdesequo.es\/EU\/wp-json\/wp\/v2\/posts\/62748\/revisions"}],"predecessor-version":[{"id":62768,"href":"https:\/\/euskadi.verdesequo.es\/EU\/wp-json\/wp\/v2\/posts\/62748\/revisions\/62768"}],"wp:featuredmedia":[{"embeddable":true,"href":"https:\/\/euskadi.verdesequo.es\/EU\/wp-json\/wp\/v2\/media\/62750"}],"wp:attachment":[{"href":"https:\/\/euskadi.verdesequo.es\/EU\/wp-json\/wp\/v2\/media?parent=62748"}],"wp:term":[{"taxonomy":"category","embeddable":true,"href":"https:\/\/euskadi.verdesequo.es\/EU\/wp-json\/wp\/v2\/categories?post=62748"},{"taxonomy":"post_tag","embeddable":true,"href":"https:\/\/euskadi.verdesequo.es\/EU\/wp-json\/wp\/v2\/tags?post=62748"}],"curies":[{"name":"wp","href":"https:\/\/api.w.org\/{rel}","templated":true}]}}