{"id":62733,"date":"2019-05-06T12:00:02","date_gmt":"2019-05-06T10:00:02","guid":{"rendered":"http:\/\/euskadi.partidoequo.es\/?p=62733"},"modified":"2019-05-12T10:01:00","modified_gmt":"2019-05-12T08:01:00","slug":"elkarrekin-podemos-garantia-de-cambio-en-araba-y-gasteiz-con-un-programa-social-verde-y-feminista-que-no-deja-atras-a-nadie","status":"publish","type":"post","link":"https:\/\/euskadi.verdesequo.es\/EU\/2019\/05\/06\/elkarrekin-podemos-garantia-de-cambio-en-araba-y-gasteiz-con-un-programa-social-verde-y-feminista-que-no-deja-atras-a-nadie\/","title":{"rendered":"Elkarrekin Podemos aldaketa-berme Araban eta Gasteizen programa sozial, berde eta feminista batekin, \u201cinor ere atzean uzten ez duena\u201d"},"content":{"rendered":"<p><\/p>\n<ul>\n<li style=\"text-align: justify;\">Elkarrekin Podemosek, Ezker Anitza IUk eta EQUO Berdeak alderdiak osatutako koalizioak proposamen nabarmenak xehatu ditu lurralde eta udalerri garden baterako bidean aurrera egiteko, lan duina, ETE sendo eta arduratsuak eta blindatutako eskubide sozialak izango dituen lurralde eta udalerri bat lortzeko bidean.<\/li>\n<\/ul>\n<p style=\"text-align: justify;\">Arabako Aldundirako eta Gasteizko Udalerako Elkarrekin Podemos koalizioaren (Ahal Dugu, Ezker Anitza IU eta EQUO Berdeak) kandidaturak gaur aurkeztu du komunikabideekin izandako gosari batean bere hauteskunde-programa hiriburuak eta lurraldeak datorren hamarkadako erronka sozial eta ingurumen-arlokoei aurre egin diezaieten inor atzean utzi gabe. \u201cBi erakundeetako gobernu-aldaketa posible izateko bide bakarra Elkarrekin Podemosen indar handia izango da, aurrean EAJren makulu-lanak egiten dituen PSE eta Urtaran alkate jartzeko gobernatzeari uko egin zion EHBildu izango dituelarik. Berme-aldaketa gara eta hori erakutsi dugu gobernatzen dugun tokietan eta Madrilen lortu ditugun akordioen bidez\u201d, Arantxa Abecia eta Fernando L\u00f3pez Castillo zerrendaburuek defendatu dutenez.<\/p>\n<p style=\"text-align: justify;\">7 jardun-ardatzek osatzen dute foru-programa, 200 neurrirekin baino gehiagorekin, honako hauek nabarmenduta: egoitza-plaza publiko berriak sortzea, erakinak berrerabiliz lurzoru berrien okupazioa saihesteko; beren etxeetan bizitza autonomo bat eraman nahi duten adineko pertsonen etxeko zaintzen programa sozio-sanitario bat, Zurekin etxean\/en casa contigo; energia-efizientzian eta energia berriztagarrietan espezializatutako enpresa-sare bat sortzea sustatzen duen energia jasangarriko plan bat, ETEei, autonomoei eta ekintzaileei babesa eskaintzeko bulego bakar bat; zerga-pribilejioak kentzea, hala nola Ondasun Higiezinen gaineko Zerga ez ordaintzea edo estatuko finantziazioa, eliza katolikoarentzat eta beste konfesio erlijioso batzuentzat; eta Berdintasuneko Foru Arau bat lantzea.<\/p>\n<p style=\"text-align: justify;\">\u201cIzaera sozial, ekologista eta feminista nabarmena duen programa bat da, eta berme bakarra da EAJk ikusten ez duen edo ikusi nahi ez duen bi abiadurako Araba hori amaitzeko\u201d, nabarmendu du Abeciak, pertsona guztiek gure lurraldean etorkizun duin bat izan dezaten aukerak sortuko dituzten politikak egiteko premiaz konbentzituta. \u201cPolitika sozialak, bultzada landa-munduan, energia berdea, jasangarritasuna enplegua sortzeko, egiazko berdintasuna emakumeen eta gizonen artean, eta diru-sarrera nahikoak zerbitzu publikoak eta kalitatezkoak bermatzeko, horiexek dira Arabak behar duen aldaketa bermatzen duen programa bakarraren lan-ildoetako batzuk\u201d, nabarmendu du diputatu nagusirako hautagaiak.<\/p>\n<p style=\"text-align: justify;\"><a href=\"http:\/\/euskadi.partidoequo.es\/wp-content\/uploads\/2019\/05\/elkarrekin-Gasteiz.jpg\"><img loading=\"lazy\" decoding=\"async\" class=\"size-large wp-image-62734 alignleft\" src=\"http:\/\/euskadi.partidoequo.es\/wp-content\/uploads\/2019\/05\/elkarrekin-Gasteiz-1024x715.jpg\" alt=\"\" width=\"1000\" height=\"698\" srcset=\"https:\/\/euskadi.verdesequo.es\/wp-content\/uploads\/2019\/05\/elkarrekin-Gasteiz-1024x715.jpg 1024w, https:\/\/euskadi.verdesequo.es\/wp-content\/uploads\/2019\/05\/elkarrekin-Gasteiz-300x209.jpg 300w, https:\/\/euskadi.verdesequo.es\/wp-content\/uploads\/2019\/05\/elkarrekin-Gasteiz-768x536.jpg 768w, https:\/\/euskadi.verdesequo.es\/wp-content\/uploads\/2019\/05\/elkarrekin-Gasteiz-150x105.jpg 150w, https:\/\/euskadi.verdesequo.es\/wp-content\/uploads\/2019\/05\/elkarrekin-Gasteiz.jpg 1080w\" sizes=\"auto, (max-width: 1000px) 100vw, 1000px\" \/><\/a><\/p>\n<p style=\"text-align: justify;\">Bestalde, Batzar Nagusietarako Elkarrekin Podemoseko zerrendako bigarren postuan doan Jos\u00e9 Dami\u00e1n Garc\u00eda-Morenok defendatu du pertsona guztientzako kalitatezko zerbitzu publiko batzuek finantzaketa nahikoa behar dutela. \u201cHorregatik, erreformatu egin behar da gaurko zerga-sistema etekin gehiago lortzen dituztenek ekarpen handiagoa egin dezaten, eta, aldi berean, Elizari zerga-pribilejioak kentzea, hala nola Ondasun Higiezinen Zerga ez ordaintzeko pribilegioa\u201d, azpimarratu duenez.<\/p>\n<p style=\"text-align: justify;\">Udal-programari dagokionez, Fernando L\u00f3pez Castillo alkategaiak programari eusten dioten hiru zutabeak nabarmendu ditu: Gasteiz atsegin eta jasangarria, lan duinarekin, Gasteiz ireki, garden, partizipatibo eta berdintasunezkoa, eta bizitza duin baterako eskubide sozialak dituen Gasteiz. \u201cHorizonte berdea, horizonte morea eta horizonte gorria, benetan funtzionatzen duen neurri oso konkretuekin, bereziki kontuan izanda gure emakumek, gure gazteak eta gure adinekoak\u201d, defendatu duenez.<\/p>\n<p style=\"text-align: justify;\">Lehenengo blokeak hainbat ekintza biltzen ditu, hala nola Mugikortasun Jasangarrirako Herritarren Ituna, trenbidea osorik lurperatzeko bultzada, garraio publiko elektrifikatuaren ezarpena, garraio publikoko sareak industrialdeekin konektatzea, energiaren udal-arloko enpresa merkaturatzaile bat, Eguzki Eraztun bat sortzea eta zerga-pizgarriak ETE jasangarrietarako.<\/p>\n<p style=\"text-align: justify;\">Bigarren lehentasun gisa ezartzen ditu garbiketa eta beste zerbitzu publiko batzuk berriz ere udalaren esku geratzea, Iruzurraren eta Ustelkeriaren aurkako Udal Bulego bat, kargudun guztien soldata mugatzea eta haien agenda argitaratzea, eta aurrekontuaren gutxienez %\u00a01 blindatzea indarkeria matxisten aurka borrokatzeko.<\/p>\n<p style=\"text-align: justify;\">Hirugarrenari dagokionez, L\u00f3pez Castillok azpimarratu egin ditu joko-aretoen eta apustu-lokalen arautzea, Etxebizitza Bulego bat eta alokairu sozialeko Etxebizitzen Parke Publiko bat, Etxeko Laguntza Zerbitzuaren kudeaketa publikoa berreskuratzea, adinekoentzako eguneko zentroen sarea handitzea auzoetan, eta etxeko otordu-zerbitzuaren itxarote-zerrenda kentzea.<\/p>\n<p style=\"text-align: justify;\">Bestalde, udal-zerrendetako hirugarren eta Irabazi alderdiko egungo zinegotzi Oscar Fern\u00e1ndezek azpimarratu du garrantzitsua dela 2030eko Gasteiz izango denaren oinarriak ezartzea, \u201cpertsonak eta Planeta zaindu ditzan\u201d. Helburu hori lortzeko, trantsizio ekologiko bat egiteko premia ezartzen du udal-programak, gure sistema ekonomikoa eta gure produkzio-eredua eraldatzeko baliagarria izango dena. Hori egiteko \u201cekonomia jasangarria erakarriko duten, enplegu berdea sortuko duten eta udalerrian lan egiten duten pertsonei ongi bizitzean oinarritutako bizi-proiektu bat garantzea ahalbidetuko dien neurriak proposatzen ditu, irtenbide duina emanez langabeei, eta industriaren trantsizio ekologikoa bultzatuz, batez ere automobilaren eta logistikaren kasuan\u201d, azpimarratu duenez.<\/p>\n<p><\/p>","protected":false},"excerpt":{"rendered":"<p>Elkarrekin Podemosek, Ezker Anitza IUk eta EQUO Berdeak alderdiak osatutako koalizioak proposamen nabarmenak xehatu ditu lurralde eta udalerri garden baterako bidean aurrera egiteko, lan duina, ETE sendo eta arduratsuak eta blindatutako eskubide sozialak izango dituen lurralde eta udalerri bat lortzeko bidean. Arabako Aldundirako eta Gasteizko Udalerako Elkarrekin Podemos koalizioaren (Ahal Dugu, Ezker Anitza IU eta [&hellip;]<\/p>\n","protected":false},"author":1,"featured_media":62734,"comment_status":"open","ping_status":"open","sticky":false,"template":"","format":"standard","meta":{"footnotes":""},"categories":[880],"tags":[1929,1930,584],"class_list":{"0":"post-62733","1":"post","2":"type-post","3":"status-publish","4":"format-standard","5":"has-post-thumbnail","7":"category-alava","8":"tag-elecciones-municipales-forales-2019","9":"tag-elkarrekin-podemos-gasteiz","10":"tag-oscar-fernandez","11":"czr-hentry"},"aioseo_notices":[],"_links":{"self":[{"href":"https:\/\/euskadi.verdesequo.es\/EU\/wp-json\/wp\/v2\/posts\/62733","targetHints":{"allow":["GET"]}}],"collection":[{"href":"https:\/\/euskadi.verdesequo.es\/EU\/wp-json\/wp\/v2\/posts"}],"about":[{"href":"https:\/\/euskadi.verdesequo.es\/EU\/wp-json\/wp\/v2\/types\/post"}],"author":[{"embeddable":true,"href":"https:\/\/euskadi.verdesequo.es\/EU\/wp-json\/wp\/v2\/users\/1"}],"replies":[{"embeddable":true,"href":"https:\/\/euskadi.verdesequo.es\/EU\/wp-json\/wp\/v2\/comments?post=62733"}],"version-history":[{"count":3,"href":"https:\/\/euskadi.verdesequo.es\/EU\/wp-json\/wp\/v2\/posts\/62733\/revisions"}],"predecessor-version":[{"id":62743,"href":"https:\/\/euskadi.verdesequo.es\/EU\/wp-json\/wp\/v2\/posts\/62733\/revisions\/62743"}],"wp:featuredmedia":[{"embeddable":true,"href":"https:\/\/euskadi.verdesequo.es\/EU\/wp-json\/wp\/v2\/media\/62734"}],"wp:attachment":[{"href":"https:\/\/euskadi.verdesequo.es\/EU\/wp-json\/wp\/v2\/media?parent=62733"}],"wp:term":[{"taxonomy":"category","embeddable":true,"href":"https:\/\/euskadi.verdesequo.es\/EU\/wp-json\/wp\/v2\/categories?post=62733"},{"taxonomy":"post_tag","embeddable":true,"href":"https:\/\/euskadi.verdesequo.es\/EU\/wp-json\/wp\/v2\/tags?post=62733"}],"curies":[{"name":"wp","href":"https:\/\/api.w.org\/{rel}","templated":true}]}}