{"id":62710,"date":"2019-04-30T13:40:32","date_gmt":"2019-04-30T12:40:32","guid":{"rendered":"http:\/\/euskadi.partidoequo.es\/?p=62710"},"modified":"2019-04-30T14:41:17","modified_gmt":"2019-04-30T12:41:17","slug":"1-de-mayo-por-un-empleo-verde-sostenible-y-de-calidad","status":"publish","type":"post","link":"https:\/\/euskadi.verdesequo.es\/EU\/2019\/04\/30\/1-de-mayo-por-un-empleo-verde-sostenible-y-de-calidad\/","title":{"rendered":"1 de mayo: Por un empleo verde, sostenible y de calidad"},"content":{"rendered":"<p><strong>Empleo verde es cualquier actvidad profesional que ayude a proteger el medioambiente y a combatir el cambio clim\u00e1tico, ahorrando energ\u00eda y materias primas, fomentando las energ\u00edas renovables, reduciendo los desechos y la contaminaci\u00f3n y protegiendo la biodiversidad y los ecosistemas.<\/strong> <\/p>\n<p>Desde EQUO impulsaremos los empleos verdes como una salida s\u00f3lida a la crisis, que permita a las personas emprender su propio proyecto vital. Necesitamos una econom\u00eda solidaria y sostenible, que genere mayor bienestar, un reparto m\u00e1s equitativo de la riqueza y mayor inclusi\u00f3n social. Se calcula que se podr\u00edan crear entre 1,4 y 2,8 millones de empleos verdes en Europa.<\/p>\n<h3><span style=\"color: #99cc00;\">Ventajas del empleo verde\u00a0<\/span><\/h3>\n<p>\u2192 Son<strong> empleos de calidad<\/strong> que ofrecen salarios dignos, con protecci\u00f3n social, respeto a los derechos laborales y participaci\u00f3n en la toma de decisiones.<br \/>\n\u2192 <strong>Mejoran nuestro entorno social<\/strong> (empleo, salud, vivienda, ense\u00f1anza de calidad e igualdad de oportunidades)<strong> y nuestro entorno natural<\/strong> (ahorro energ\u00e9tico y de materias primas, utilizando energ\u00edas limpias y protegiendo la biodiversidad).<br \/>\n\u2192 Crean un c\u00edrculo virtuoso al <strong>generar nuevos empleos y transformar los existentes en empleos de alta calidad<\/strong>, siendo una salida clara a la crisis, a lo largo de toda la cadena de valor (producci\u00f3n, distribuci\u00f3n y servicios).<\/p>\n<p>\n[gview file=&#8221;http:\/\/partidoequo.es\/wp-content\/uploads\/2019\/04\/folleto-empleo-verde_edicion-web.pdf&#8221;]<\/p>\n","protected":false},"excerpt":{"rendered":"<p>Empleo verde es cualquier actvidad profesional que ayude a proteger el medioambiente y a combatir el cambio clim\u00e1tico, ahorrando energ\u00eda y materias primas, fomentando las energ\u00edas renovables, reduciendo los desechos y la contaminaci\u00f3n y protegiendo la biodiversidad y los ecosistemas. Desde EQUO impulsaremos los empleos verdes como una salida s\u00f3lida a la crisis, que permita [&hellip;]<\/p>\n","protected":false},"author":1,"featured_media":62712,"comment_status":"closed","ping_status":"closed","sticky":false,"template":"","format":"standard","meta":{"footnotes":""},"categories":[],"tags":[264,456,608,495,8,724,794],"class_list":{"0":"post-62710","1":"post","2":"type-post","3":"status-publish","4":"format-standard","5":"has-post-thumbnail","7":"tag-1-de-mayo","8":"tag-dia-del-trabajo","9":"tag-economia-circular","10":"tag-empleo-verde","11":"tag-equo","12":"tag-partido-verde","13":"tag-politicas-verdes","14":"czr-hentry"},"aioseo_notices":[],"_links":{"self":[{"href":"https:\/\/euskadi.verdesequo.es\/EU\/wp-json\/wp\/v2\/posts\/62710","targetHints":{"allow":["GET"]}}],"collection":[{"href":"https:\/\/euskadi.verdesequo.es\/EU\/wp-json\/wp\/v2\/posts"}],"about":[{"href":"https:\/\/euskadi.verdesequo.es\/EU\/wp-json\/wp\/v2\/types\/post"}],"author":[{"embeddable":true,"href":"https:\/\/euskadi.verdesequo.es\/EU\/wp-json\/wp\/v2\/users\/1"}],"replies":[{"embeddable":true,"href":"https:\/\/euskadi.verdesequo.es\/EU\/wp-json\/wp\/v2\/comments?post=62710"}],"version-history":[{"count":1,"href":"https:\/\/euskadi.verdesequo.es\/EU\/wp-json\/wp\/v2\/posts\/62710\/revisions"}],"predecessor-version":[{"id":62711,"href":"https:\/\/euskadi.verdesequo.es\/EU\/wp-json\/wp\/v2\/posts\/62710\/revisions\/62711"}],"wp:featuredmedia":[{"embeddable":true,"href":"https:\/\/euskadi.verdesequo.es\/EU\/wp-json\/wp\/v2\/media\/62712"}],"wp:attachment":[{"href":"https:\/\/euskadi.verdesequo.es\/EU\/wp-json\/wp\/v2\/media?parent=62710"}],"wp:term":[{"taxonomy":"category","embeddable":true,"href":"https:\/\/euskadi.verdesequo.es\/EU\/wp-json\/wp\/v2\/categories?post=62710"},{"taxonomy":"post_tag","embeddable":true,"href":"https:\/\/euskadi.verdesequo.es\/EU\/wp-json\/wp\/v2\/tags?post=62710"}],"curies":[{"name":"wp","href":"https:\/\/api.w.org\/{rel}","templated":true}]}}