{"id":62700,"date":"2019-04-24T16:38:50","date_gmt":"2019-04-24T14:38:50","guid":{"rendered":"http:\/\/euskadi.partidoequo.es\/?p=62700"},"modified":"2019-04-26T17:22:06","modified_gmt":"2019-04-26T15:22:06","slug":"elkarrekin-podemos-apuesta-por-dejar-atras-la-vieja-politica-de-los-grandes-embalses-y-avanzar-hacia-una-gestion-publica-del-agua-eficiente-y-ecologica","status":"publish","type":"post","link":"https:\/\/euskadi.verdesequo.es\/EU\/2019\/04\/24\/elkarrekin-podemos-apuesta-por-dejar-atras-la-vieja-politica-de-los-grandes-embalses-y-avanzar-hacia-una-gestion-publica-del-agua-eficiente-y-ecologica\/","title":{"rendered":"(Castellano) Elkarrekin Podemos apuesta por dejar atr\u00e1s la vieja pol\u00edtica de los grandes embalses y avanzar hacia una gesti\u00f3n p\u00fablica del agua eficiente y ecol\u00f3gica"},"content":{"rendered":"<p class=\"qtranxs-available-languages-message qtranxs-available-languages-message-EU\">Barkatu, hau ez dago euskararaturik oraindik...<\/p>","protected":false},"excerpt":{"rendered":"<p>Barkatu, hau ez dago euskararaturik oraindik&#8230;<\/p>\n","protected":false},"author":1,"featured_media":62701,"comment_status":"open","ping_status":"open","sticky":false,"template":"","format":"standard","meta":{"footnotes":""},"categories":[],"tags":[71,1855,1897,478],"class_list":{"0":"post-62700","1":"post","2":"type-post","3":"status-publish","4":"format-standard","5":"has-post-thumbnail","7":"tag-agua","8":"tag-barron-embalse-de-barron","9":"tag-elecciones-generales-2019","10":"tag-juantxo-lopez-de-uralde","11":"czr-hentry"},"aioseo_notices":[],"_links":{"self":[{"href":"https:\/\/euskadi.verdesequo.es\/EU\/wp-json\/wp\/v2\/posts\/62700","targetHints":{"allow":["GET"]}}],"collection":[{"href":"https:\/\/euskadi.verdesequo.es\/EU\/wp-json\/wp\/v2\/posts"}],"about":[{"href":"https:\/\/euskadi.verdesequo.es\/EU\/wp-json\/wp\/v2\/types\/post"}],"author":[{"embeddable":true,"href":"https:\/\/euskadi.verdesequo.es\/EU\/wp-json\/wp\/v2\/users\/1"}],"replies":[{"embeddable":true,"href":"https:\/\/euskadi.verdesequo.es\/EU\/wp-json\/wp\/v2\/comments?post=62700"}],"version-history":[{"count":1,"href":"https:\/\/euskadi.verdesequo.es\/EU\/wp-json\/wp\/v2\/posts\/62700\/revisions"}],"predecessor-version":[{"id":62702,"href":"https:\/\/euskadi.verdesequo.es\/EU\/wp-json\/wp\/v2\/posts\/62700\/revisions\/62702"}],"wp:featuredmedia":[{"embeddable":true,"href":"https:\/\/euskadi.verdesequo.es\/EU\/wp-json\/wp\/v2\/media\/62701"}],"wp:attachment":[{"href":"https:\/\/euskadi.verdesequo.es\/EU\/wp-json\/wp\/v2\/media?parent=62700"}],"wp:term":[{"taxonomy":"category","embeddable":true,"href":"https:\/\/euskadi.verdesequo.es\/EU\/wp-json\/wp\/v2\/categories?post=62700"},{"taxonomy":"post_tag","embeddable":true,"href":"https:\/\/euskadi.verdesequo.es\/EU\/wp-json\/wp\/v2\/tags?post=62700"}],"curies":[{"name":"wp","href":"https:\/\/api.w.org\/{rel}","templated":true}]}}