{"id":62697,"date":"2019-04-22T22:05:04","date_gmt":"2019-04-22T20:05:04","guid":{"rendered":"http:\/\/euskadi.partidoequo.es\/?p=62697"},"modified":"2019-05-12T10:02:11","modified_gmt":"2019-05-12T08:02:11","slug":"lopez-de-uralde-anuncia-la-creacion-de-una-empresa-publica-de-energia","status":"publish","type":"post","link":"https:\/\/euskadi.verdesequo.es\/EU\/2019\/04\/22\/lopez-de-uralde-anuncia-la-creacion-de-una-empresa-publica-de-energia\/","title":{"rendered":"(Castellano) L\u00f3pez de Uralde anuncia la creaci\u00f3n de una empresa p\u00fablica de energ\u00eda"},"content":{"rendered":"<p class=\"qtranxs-available-languages-message qtranxs-available-languages-message-EU\">Barkatu, hau ez dago euskararaturik oraindik...<\/p>","protected":false},"excerpt":{"rendered":"<p>Barkatu, hau ez dago euskararaturik oraindik&#8230;<\/p>\n","protected":false},"author":1,"featured_media":62698,"comment_status":"open","ping_status":"open","sticky":false,"template":"","format":"standard","meta":{"footnotes":""},"categories":[880],"tags":[506,1897,478],"class_list":{"0":"post-62697","1":"post","2":"type-post","3":"status-publish","4":"format-standard","5":"has-post-thumbnail","7":"category-alava","8":"tag-dia-de-la-tierra","9":"tag-elecciones-generales-2019","10":"tag-juantxo-lopez-de-uralde","11":"czr-hentry"},"aioseo_notices":[],"_links":{"self":[{"href":"https:\/\/euskadi.verdesequo.es\/EU\/wp-json\/wp\/v2\/posts\/62697","targetHints":{"allow":["GET"]}}],"collection":[{"href":"https:\/\/euskadi.verdesequo.es\/EU\/wp-json\/wp\/v2\/posts"}],"about":[{"href":"https:\/\/euskadi.verdesequo.es\/EU\/wp-json\/wp\/v2\/types\/post"}],"author":[{"embeddable":true,"href":"https:\/\/euskadi.verdesequo.es\/EU\/wp-json\/wp\/v2\/users\/1"}],"replies":[{"embeddable":true,"href":"https:\/\/euskadi.verdesequo.es\/EU\/wp-json\/wp\/v2\/comments?post=62697"}],"version-history":[{"count":1,"href":"https:\/\/euskadi.verdesequo.es\/EU\/wp-json\/wp\/v2\/posts\/62697\/revisions"}],"predecessor-version":[{"id":62699,"href":"https:\/\/euskadi.verdesequo.es\/EU\/wp-json\/wp\/v2\/posts\/62697\/revisions\/62699"}],"wp:featuredmedia":[{"embeddable":true,"href":"https:\/\/euskadi.verdesequo.es\/EU\/wp-json\/wp\/v2\/media\/62698"}],"wp:attachment":[{"href":"https:\/\/euskadi.verdesequo.es\/EU\/wp-json\/wp\/v2\/media?parent=62697"}],"wp:term":[{"taxonomy":"category","embeddable":true,"href":"https:\/\/euskadi.verdesequo.es\/EU\/wp-json\/wp\/v2\/categories?post=62697"},{"taxonomy":"post_tag","embeddable":true,"href":"https:\/\/euskadi.verdesequo.es\/EU\/wp-json\/wp\/v2\/tags?post=62697"}],"curies":[{"name":"wp","href":"https:\/\/api.w.org\/{rel}","templated":true}]}}