{"id":62671,"date":"2019-04-17T09:44:13","date_gmt":"2019-04-17T07:44:13","guid":{"rendered":"http:\/\/euskadi.partidoequo.es\/?p=62671"},"modified":"2019-05-12T10:06:46","modified_gmt":"2019-05-12T08:06:46","slug":"el-empleo-esta-en-la-economia-verde-es-ahi-donde-vamos-a-salvar-la-industria-juantxo-lopez-de-uralde","status":"publish","type":"post","link":"https:\/\/euskadi.verdesequo.es\/EU\/2019\/04\/17\/el-empleo-esta-en-la-economia-verde-es-ahi-donde-vamos-a-salvar-la-industria-juantxo-lopez-de-uralde\/","title":{"rendered":"&#8220;El empleo est\u00e1 en la econom\u00eda verde, es ah\u00ed donde vamos a salvar la industria&#8221;: Juantxo L\u00f3pez de Uralde"},"content":{"rendered":"<p>Juantxo Lopez de Uraldek Sestaon egindako hauteskunde-ekitaldi batean kritikatu du EAJk zein PSEk politika industrial eta ekonomiko \u201czaharkitu, etorkizunik gabeko\u201d bati eusten diotela. Elkarrekin Podemos koalizioko Arabatik aurkeztutako Kongresurako hautagaiak azpimarratu du enpresek, batez ere automozioaren sektorekoek, \u201cfin ibili behar dutela gu abangoardian jartzeko\u201d, eredu produktiboari dagokionez. &#8220;Enplegua ekonomia berdean dago. Hor salbatuko dugu industria&#8221;.<\/p>\n<p><a href=\"http:\/\/euskadi.partidoequo.es\/wp-content\/uploads\/2019\/04\/sestao.jpg\"><img loading=\"lazy\" decoding=\"async\" class=\"wp-image-62673 alignleft\" src=\"http:\/\/euskadi.partidoequo.es\/wp-content\/uploads\/2019\/04\/sestao-1024x682.jpg\" alt=\"\" width=\"399\" height=\"266\" srcset=\"https:\/\/euskadi.verdesequo.es\/wp-content\/uploads\/2019\/04\/sestao-1024x682.jpg 1024w, https:\/\/euskadi.verdesequo.es\/wp-content\/uploads\/2019\/04\/sestao-300x200.jpg 300w, https:\/\/euskadi.verdesequo.es\/wp-content\/uploads\/2019\/04\/sestao-768x512.jpg 768w, https:\/\/euskadi.verdesequo.es\/wp-content\/uploads\/2019\/04\/sestao-150x100.jpg 150w, https:\/\/euskadi.verdesequo.es\/wp-content\/uploads\/2019\/04\/sestao.jpg 1126w\" sizes=\"auto, (max-width: 399px) 100vw, 399px\" \/><\/a>EQUO alderdiko ordezkari eta Kongresurako hautagaiak kritikatu duenez, \u201caspaldian ez dago proiektu industrialik Euskadin\u201d eta aurreratu du La Navalekin gertatutakoa beste zenbait industriarekin ere gertatuko dela, adibidez automobilaren industriarekin. &#8220;Arazoa ez dago dieselean, Marotok esaten duen bezala, arazoa da auto elektrikoa Asian produzitzen ari direla.<\/p>\n<p>Fin ibiltzen hasten ez bagara, industria kanpora joango da\u201d, ohartarazi duenez. Uraldek erreibindikatu duenez, gainerako alderdiek ez bezala, koalizio progresistak Euskadirentzat proiektu bat du eredu-aldaketa batean eta hainbat neurritan oinarritutakoa, hala nola BPGaren %\u00a02,5 energia berriztagarrien produkzioan inbertitzea edo banku publiko bat sortzea bertatik kudeatzeko bankuek herritarrei zor dieten 60.000 milioi eurotik gorako diru-kopurua&#8221;.<\/p>","protected":false},"excerpt":{"rendered":"<p>Juantxo Lopez de Uraldek Sestaon egindako hauteskunde-ekitaldi batean kritikatu du EAJk zein PSEk politika industrial eta ekonomiko \u201czaharkitu, etorkizunik gabeko\u201d bati eusten diotela. Elkarrekin Podemos koalizioko Arabatik aurkeztutako Kongresurako hautagaiak azpimarratu du enpresek, batez ere automozioaren sektorekoek, \u201cfin ibili behar dutela gu abangoardian jartzeko\u201d, eredu produktiboari dagokionez. &#8220;Enplegua ekonomia berdean dago. Hor salbatuko dugu industria&#8221;. [&hellip;]<\/p>\n","protected":false},"author":1,"featured_media":62673,"comment_status":"open","ping_status":"open","sticky":false,"template":"","format":"standard","meta":{"footnotes":""},"categories":[880],"tags":[1922,1897,495,478,861,1862],"class_list":{"0":"post-62671","1":"post","2":"type-post","3":"status-publish","4":"format-standard","5":"has-post-thumbnail","7":"category-alava","8":"tag-economia-verde","9":"tag-elecciones-generales-2019","10":"tag-empleo-verde","11":"tag-juantxo-lopez-de-uralde","12":"tag-politica-industrial","13":"tag-sestao","14":"czr-hentry"},"aioseo_notices":[],"_links":{"self":[{"href":"https:\/\/euskadi.verdesequo.es\/EU\/wp-json\/wp\/v2\/posts\/62671","targetHints":{"allow":["GET"]}}],"collection":[{"href":"https:\/\/euskadi.verdesequo.es\/EU\/wp-json\/wp\/v2\/posts"}],"about":[{"href":"https:\/\/euskadi.verdesequo.es\/EU\/wp-json\/wp\/v2\/types\/post"}],"author":[{"embeddable":true,"href":"https:\/\/euskadi.verdesequo.es\/EU\/wp-json\/wp\/v2\/users\/1"}],"replies":[{"embeddable":true,"href":"https:\/\/euskadi.verdesequo.es\/EU\/wp-json\/wp\/v2\/comments?post=62671"}],"version-history":[{"count":3,"href":"https:\/\/euskadi.verdesequo.es\/EU\/wp-json\/wp\/v2\/posts\/62671\/revisions"}],"predecessor-version":[{"id":62680,"href":"https:\/\/euskadi.verdesequo.es\/EU\/wp-json\/wp\/v2\/posts\/62671\/revisions\/62680"}],"wp:featuredmedia":[{"embeddable":true,"href":"https:\/\/euskadi.verdesequo.es\/EU\/wp-json\/wp\/v2\/media\/62673"}],"wp:attachment":[{"href":"https:\/\/euskadi.verdesequo.es\/EU\/wp-json\/wp\/v2\/media?parent=62671"}],"wp:term":[{"taxonomy":"category","embeddable":true,"href":"https:\/\/euskadi.verdesequo.es\/EU\/wp-json\/wp\/v2\/categories?post=62671"},{"taxonomy":"post_tag","embeddable":true,"href":"https:\/\/euskadi.verdesequo.es\/EU\/wp-json\/wp\/v2\/tags?post=62671"}],"curies":[{"name":"wp","href":"https:\/\/api.w.org\/{rel}","templated":true}]}}