{"id":62517,"date":"2019-03-21T15:34:26","date_gmt":"2019-03-21T14:34:26","guid":{"rendered":"http:\/\/euskadi.partidoequo.es\/?p=62517"},"modified":"2019-04-05T17:29:58","modified_gmt":"2019-04-05T15:29:58","slug":"elkarrekin-podemos-impulsara-en-araba-y-gasteiz-un-proyecto-feminista-sostenible-inclusivo-y-que-defienda-la-igualdad-de-oportunidades","status":"publish","type":"post","link":"https:\/\/euskadi.verdesequo.es\/EU\/2019\/03\/21\/elkarrekin-podemos-impulsara-en-araba-y-gasteiz-un-proyecto-feminista-sostenible-inclusivo-y-que-defienda-la-igualdad-de-oportunidades\/","title":{"rendered":"Elkarrekin Podemosek proiektu feminista, jasangarria, inklusiboa eta aukera-berdintasuna defendatuko duena bultzatuko du Araban eta Gasteizen"},"content":{"rendered":"<p><\/p>\n<ul>\n<li style=\"text-align: justify;\">EQUO Berdeak alderditik Batzar Nagusietarako hautagai den Bel\u00e9n Lorbadak adierazi duenez, Gasteiz eta Araba erreferente bihurtuko dituzte pertsonen bizi-kalitatea eta ingurunea hobetzera bideratutako politikei dagokienez, \u201cez EAJk, ez PPk ez baitute jakin hori egiten\u201d<\/li>\n<\/ul>\n<p style=\"text-align: justify;\">Podemos Euskadi, Ezker Anitza-IU eta Equo-Berdeak alderdiek osatutako Elkarrekin Podemos koalizioak gaur goizean aurkeztu ditu Gasteizen Udalerako eta Batzar Nagusietarako hautagaiak.<\/p>\n<p style=\"text-align: justify;\">EQUO Berdeak alderdiari dagokionez, komunikabideekin egindako hitzorduan \u00d3scar Fern\u00e1ndez Mart\u00ednek parte hartu du, Gasteizko Udalerako hautagaiak, baita Arabako Batzar Nagusietarako hautagai diren Bel\u00e9n Lorbadak eta Txema Ruiz de Apodacak ere.<\/p>\n<p style=\"text-align: justify;\"><a href=\"http:\/\/euskadi.partidoequo.es\/wp-content\/uploads\/2019\/03\/belen-1.jpg\"><img loading=\"lazy\" decoding=\"async\" class=\"wp-image-62519 alignright\" src=\"http:\/\/euskadi.partidoequo.es\/wp-content\/uploads\/2019\/03\/belen-1-1024x575.jpg\" alt=\"\" width=\"553\" height=\"310\" srcset=\"https:\/\/euskadi.verdesequo.es\/wp-content\/uploads\/2019\/03\/belen-1-1024x575.jpg 1024w, https:\/\/euskadi.verdesequo.es\/wp-content\/uploads\/2019\/03\/belen-1-300x169.jpg 300w, https:\/\/euskadi.verdesequo.es\/wp-content\/uploads\/2019\/03\/belen-1-768x431.jpg 768w, https:\/\/euskadi.verdesequo.es\/wp-content\/uploads\/2019\/03\/belen-1-150x84.jpg 150w, https:\/\/euskadi.verdesequo.es\/wp-content\/uploads\/2019\/03\/belen-1.jpg 1200w\" sizes=\"auto, (max-width: 553px) 100vw, 553px\" \/><\/a>Bel\u00e9n Lorbadak esan du \u201cGreen Capital izatea marketin berderako elementua baino ez zela izan, edukiz gabetutako marka hutsa eta Andre Maria Zuriaren plazako heskaia\u201d. Hautagai berdearen arabera, aurreko gobernuek, ez Marotorenak, ez Urtaranen gobernuak ez dute green espiritu hori baliatu benetako politiketan aurrera egiteko, pertsonen eta planetaren mesedetan, politika feminista eta ekologistetan aurrera egiteko.<\/p>\n<p style=\"text-align: justify;\">Lorbadak herritarrei ohartarazi die popularren eta jeltzaleen ez-egite hori ez dela aldatuko, zeren bi alderdiek \u201ceskuak eta hankak lotuta baitituzte beren interes alderdikoiekin, eta ez dute haratago ikusten. Gure koalizioak galdutako denbora berreskuratuko du, aurreko gobernuen ikuspegi faltagatik galdutako denbora\u201d.<\/p>\n<p style=\"text-align: justify;\">Bukatzeko zera esan du, \u201cguk eztabaidak jarriko ditugu mahai gainean, Arabako eta Gasteizko ezein gobernu orain arte mahai gaineratzen ausartu ez diren eztabaidak. Zeren premiazkoa baita gure lurraldean trantsizio ekologikoa abiaraztea, aurre egin beharreko erronka sozial eta ekologikoak gainditzeko aukera izan nahi badugu. Gasteiz eta Araba erreferente bihurtuko ditugu pertsonen bizi-kalitatea eta ingurunea hobetzera bideratutako politikei dagokienez\u201d.<\/p>\n<p style=\"text-align: justify;\">Aurretik, Arantxa Abeciak parte hartu du, Podemos alderdiak Arabako Batzar Nagusietan duen bozeramaile eta diputatu nagusi izateko hautagaiak; baita Gasteizko alkategai Fernando L\u00f3pez Castillok ere, eta hiri abegikorra, solidarioa, librea eta igualitarioa defendatu du.<\/p>\n<p><\/p>","protected":false},"excerpt":{"rendered":"<p>EQUO Berdeak alderditik Batzar Nagusietarako hautagai den Bel\u00e9n Lorbadak adierazi duenez, Gasteiz eta Araba erreferente bihurtuko dituzte pertsonen bizi-kalitatea eta ingurunea hobetzera bideratutako politikei dagokienez, \u201cez EAJk, ez PPk ez baitute jakin hori egiten\u201d Podemos Euskadi, Ezker Anitza-IU eta Equo-Berdeak alderdiek osatutako Elkarrekin Podemos koalizioak gaur goizean aurkeztu ditu Gasteizen Udalerako eta Batzar Nagusietarako hautagaiak. [&hellip;]<\/p>\n","protected":false},"author":1,"featured_media":62519,"comment_status":"open","ping_status":"open","sticky":false,"template":"","format":"standard","meta":{"footnotes":""},"categories":[],"tags":[],"class_list":["post-62517","post","type-post","status-publish","format-standard","has-post-thumbnail","czr-hentry"],"aioseo_notices":[],"_links":{"self":[{"href":"https:\/\/euskadi.verdesequo.es\/EU\/wp-json\/wp\/v2\/posts\/62517","targetHints":{"allow":["GET"]}}],"collection":[{"href":"https:\/\/euskadi.verdesequo.es\/EU\/wp-json\/wp\/v2\/posts"}],"about":[{"href":"https:\/\/euskadi.verdesequo.es\/EU\/wp-json\/wp\/v2\/types\/post"}],"author":[{"embeddable":true,"href":"https:\/\/euskadi.verdesequo.es\/EU\/wp-json\/wp\/v2\/users\/1"}],"replies":[{"embeddable":true,"href":"https:\/\/euskadi.verdesequo.es\/EU\/wp-json\/wp\/v2\/comments?post=62517"}],"version-history":[{"count":3,"href":"https:\/\/euskadi.verdesequo.es\/EU\/wp-json\/wp\/v2\/posts\/62517\/revisions"}],"predecessor-version":[{"id":62596,"href":"https:\/\/euskadi.verdesequo.es\/EU\/wp-json\/wp\/v2\/posts\/62517\/revisions\/62596"}],"wp:featuredmedia":[{"embeddable":true,"href":"https:\/\/euskadi.verdesequo.es\/EU\/wp-json\/wp\/v2\/media\/62519"}],"wp:attachment":[{"href":"https:\/\/euskadi.verdesequo.es\/EU\/wp-json\/wp\/v2\/media?parent=62517"}],"wp:term":[{"taxonomy":"category","embeddable":true,"href":"https:\/\/euskadi.verdesequo.es\/EU\/wp-json\/wp\/v2\/categories?post=62517"},{"taxonomy":"post_tag","embeddable":true,"href":"https:\/\/euskadi.verdesequo.es\/EU\/wp-json\/wp\/v2\/tags?post=62517"}],"curies":[{"name":"wp","href":"https:\/\/api.w.org\/{rel}","templated":true}]}}