{"id":62467,"date":"2019-03-06T15:49:39","date_gmt":"2019-03-06T14:49:39","guid":{"rendered":"http:\/\/euskadi.partidoequo.es\/?p=62467"},"modified":"2019-03-06T15:50:29","modified_gmt":"2019-03-06T14:50:29","slug":"primariasequo-elige-quien-nos-representara-en-las-elecciones-generales","status":"publish","type":"post","link":"https:\/\/euskadi.verdesequo.es\/EU\/2019\/03\/06\/primariasequo-elige-quien-nos-representara-en-las-elecciones-generales\/","title":{"rendered":"#PrimariasEQUO Elige qui\u00e9n nos representar\u00e1 en las Elecciones Generales"},"content":{"rendered":"<p>Las personas afiliadas y simpatizantes de EQUO tienen hasta el 9 de marzo a las 23.59 (hora peninsular) para votar qui\u00e9n nos representar\u00e1 en las pr\u00f3ximas Elecciones Generales que se celebrar\u00e1n el 28 de abril.<\/p>\n<p><a href=\"http:\/\/partidoequo.es\/primarias-elecciones-generales\/\" target=\"_blank\" rel=\"noopener noreferrer\">Aqu\u00ed puedes ver todas las candidaturas, recuerda que son dos votaciones: a cabeza de lista y por provincias.\u00a0<\/a><\/p>\n<p><a href=\"https:\/\/votaciones.partidoequo.es\/\" target=\"_blank\" rel=\"noopener noreferrer\">Aqu\u00ed puedes entrar en la plataforma de votaciones online.\u00a0<\/a><\/p>\n<p>Recuerda que si no puedes acceder, tienes que ponerte en contacto con <a href=\"mailto:votaciones@partidoequo.es\" target=\"_blank\" rel=\"noopener noreferrer\">votaciones@partidoequo.es\u00a0<\/a><\/p>\n<p><a href=\"http:\/\/partidoequo.es\/primarias-elecciones-generales\/\"><img loading=\"lazy\" decoding=\"async\" class=\"aligncenter wp-image-6970\" src=\"http:\/\/partidoequo.es\/wp-content\/uploads\/2019\/03\/rectangular_lemas_vota-1024x683.jpg\" alt=\"\" width=\"800\" height=\"533\" \/><\/a><\/p>\n<p>&nbsp;<\/p>\n","protected":false},"excerpt":{"rendered":"<p>Las personas afiliadas y simpatizantes de EQUO tienen hasta el 9 de marzo a las 23.59 (hora peninsular) para votar qui\u00e9n nos representar\u00e1 en las pr\u00f3ximas Elecciones Generales que se celebrar\u00e1n el 28 de abril. Aqu\u00ed puedes ver todas las candidaturas, recuerda que son dos votaciones: a cabeza de lista y por provincias.\u00a0 Aqu\u00ed puedes [&hellip;]<\/p>\n","protected":false},"author":1,"featured_media":62469,"comment_status":"closed","ping_status":"closed","sticky":false,"template":"","format":"standard","meta":{"footnotes":""},"categories":[],"tags":[1895,461,8,724,218],"class_list":{"0":"post-62467","1":"post","2":"type-post","3":"status-publish","4":"format-standard","5":"has-post-thumbnail","7":"tag-democracia-participativa","8":"tag-elecciones-generales","9":"tag-equo","10":"tag-partido-verde","11":"tag-primarias-equo","12":"czr-hentry"},"aioseo_notices":[],"_links":{"self":[{"href":"https:\/\/euskadi.verdesequo.es\/EU\/wp-json\/wp\/v2\/posts\/62467","targetHints":{"allow":["GET"]}}],"collection":[{"href":"https:\/\/euskadi.verdesequo.es\/EU\/wp-json\/wp\/v2\/posts"}],"about":[{"href":"https:\/\/euskadi.verdesequo.es\/EU\/wp-json\/wp\/v2\/types\/post"}],"author":[{"embeddable":true,"href":"https:\/\/euskadi.verdesequo.es\/EU\/wp-json\/wp\/v2\/users\/1"}],"replies":[{"embeddable":true,"href":"https:\/\/euskadi.verdesequo.es\/EU\/wp-json\/wp\/v2\/comments?post=62467"}],"version-history":[{"count":1,"href":"https:\/\/euskadi.verdesequo.es\/EU\/wp-json\/wp\/v2\/posts\/62467\/revisions"}],"predecessor-version":[{"id":62468,"href":"https:\/\/euskadi.verdesequo.es\/EU\/wp-json\/wp\/v2\/posts\/62467\/revisions\/62468"}],"wp:featuredmedia":[{"embeddable":true,"href":"https:\/\/euskadi.verdesequo.es\/EU\/wp-json\/wp\/v2\/media\/62469"}],"wp:attachment":[{"href":"https:\/\/euskadi.verdesequo.es\/EU\/wp-json\/wp\/v2\/media?parent=62467"}],"wp:term":[{"taxonomy":"category","embeddable":true,"href":"https:\/\/euskadi.verdesequo.es\/EU\/wp-json\/wp\/v2\/categories?post=62467"},{"taxonomy":"post_tag","embeddable":true,"href":"https:\/\/euskadi.verdesequo.es\/EU\/wp-json\/wp\/v2\/tags?post=62467"}],"curies":[{"name":"wp","href":"https:\/\/api.w.org\/{rel}","templated":true}]}}