{"id":62464,"date":"2019-03-06T15:44:49","date_gmt":"2019-03-06T14:44:49","guid":{"rendered":"http:\/\/euskadi.partidoequo.es\/?p=62464"},"modified":"2019-03-06T15:45:51","modified_gmt":"2019-03-06T14:45:51","slug":"8m-hacia-la-huelga-feminista","status":"publish","type":"post","link":"https:\/\/euskadi.verdesequo.es\/EU\/2019\/03\/06\/8m-hacia-la-huelga-feminista\/","title":{"rendered":"8M: Hacia la huelga feminista"},"content":{"rendered":"<p><img loading=\"lazy\" decoding=\"async\" class=\"aligncenter wp-image-154\" src=\"http:\/\/euskadi.partidoequo.es\/wp-content\/uploads\/2019\/03\/SLIDER-HUELGA-2019-1024x288.jpg\" alt=\"\" width=\"491\" height=\"110\" \/><\/p>\n<p>El 8 de marzo del 2018 millones de personas salimos a las calles en un grito global en cientos de ciudades de todo el mundo. \u00a0En ese momento, supimos que algo hab\u00eda cambiado. Vivimos y disfrutamos del proceso en primera persona, fuimos c\u00f3mplices y protagonistas activas, de un proceso que quedar\u00e1 en los anales de la historia. Conscientes de que hab\u00edamos conseguido juntas \u00a0muchas de nuestras demandas, grandes logros y reivindicaciones.<\/p>\n<p>Tras la resaca de la jornada de huelga, el 9 de marzo \u00a0nos levant\u00e1bamos con la noticia de un nuevo feminicidio. Y en nuestras retinas y nuestros o\u00eddos se entremezclaron durante meses \u00a0los recuerdos, las consignas, la emoci\u00f3n compartida de saberse parte de la historia, con la consciencia de los hitos que a\u00fan nos quedan por alcanzar, las luchas que nos quedan por ganar.<\/p>\n<p>As\u00ed, llegamos al 8 de marzo de 2019 cargadas de motivos para reeditar una\u00a0<strong>Huelga Feminista<\/strong>. En un contexto en el que resurgen grupos y partidos pol\u00edticos que atentan contra los derechos y libertades que tanto han costado conseguir a las mujeres. Grupos que quieren disfrazar con eufemismos \u201cliberales\u201d a la lucha feminista, a los siglos de lucha de tantas mujeres, hermanas, \u00a0gracias a las cuales hoy, estamos aqu\u00ed.<\/p>\n<p>Porque tenemos m\u00e1s de mil motivos,\u00a0<strong>\u00a1Apoyamos la Huelga Feminista!<\/strong><\/p>\n<p>Lee el manifiesto completo en <a href=\"http:\/\/redequomujeres.es\/8-de-marzo-dia-internacional-de-las-mujeres\/\">redequomujeres.es\u00a0<\/a><\/p>\n","protected":false},"excerpt":{"rendered":"<p>El 8 de marzo del 2018 millones de personas salimos a las calles en un grito global en cientos de ciudades de todo el mundo. \u00a0En ese momento, supimos que algo hab\u00eda cambiado. Vivimos y disfrutamos del proceso en primera persona, fuimos c\u00f3mplices y protagonistas activas, de un proceso que quedar\u00e1 en los anales de [&hellip;]<\/p>\n","protected":false},"author":1,"featured_media":62466,"comment_status":"closed","ping_status":"closed","sticky":false,"template":"","format":"standard","meta":{"footnotes":""},"categories":[],"tags":[1894,1762,229],"class_list":{"0":"post-62464","1":"post","2":"type-post","3":"status-publish","4":"format-standard","5":"has-post-thumbnail","7":"tag-derechos-de-las-mujeres","8":"tag-huelga-feminista","9":"tag-igualdad","10":"czr-hentry"},"aioseo_notices":[],"_links":{"self":[{"href":"https:\/\/euskadi.verdesequo.es\/EU\/wp-json\/wp\/v2\/posts\/62464","targetHints":{"allow":["GET"]}}],"collection":[{"href":"https:\/\/euskadi.verdesequo.es\/EU\/wp-json\/wp\/v2\/posts"}],"about":[{"href":"https:\/\/euskadi.verdesequo.es\/EU\/wp-json\/wp\/v2\/types\/post"}],"author":[{"embeddable":true,"href":"https:\/\/euskadi.verdesequo.es\/EU\/wp-json\/wp\/v2\/users\/1"}],"replies":[{"embeddable":true,"href":"https:\/\/euskadi.verdesequo.es\/EU\/wp-json\/wp\/v2\/comments?post=62464"}],"version-history":[{"count":1,"href":"https:\/\/euskadi.verdesequo.es\/EU\/wp-json\/wp\/v2\/posts\/62464\/revisions"}],"predecessor-version":[{"id":62465,"href":"https:\/\/euskadi.verdesequo.es\/EU\/wp-json\/wp\/v2\/posts\/62464\/revisions\/62465"}],"wp:featuredmedia":[{"embeddable":true,"href":"https:\/\/euskadi.verdesequo.es\/EU\/wp-json\/wp\/v2\/media\/62466"}],"wp:attachment":[{"href":"https:\/\/euskadi.verdesequo.es\/EU\/wp-json\/wp\/v2\/media?parent=62464"}],"wp:term":[{"taxonomy":"category","embeddable":true,"href":"https:\/\/euskadi.verdesequo.es\/EU\/wp-json\/wp\/v2\/categories?post=62464"},{"taxonomy":"post_tag","embeddable":true,"href":"https:\/\/euskadi.verdesequo.es\/EU\/wp-json\/wp\/v2\/tags?post=62464"}],"curies":[{"name":"wp","href":"https:\/\/api.w.org\/{rel}","templated":true}]}}