{"id":62375,"date":"2019-02-07T11:03:27","date_gmt":"2019-02-07T10:03:27","guid":{"rendered":"http:\/\/euskadi.partidoequo.es\/?p=62375"},"modified":"2019-02-07T11:03:27","modified_gmt":"2019-02-07T10:03:27","slug":"equo-berdeak-pide-la-proteccion-total-del-parque-de-zabalgana-mediante-la-desclasificacion-de-casi-20-hectareas-amenazadas-por-el-ladrillo","status":"publish","type":"post","link":"https:\/\/euskadi.verdesequo.es\/EU\/2019\/02\/07\/equo-berdeak-pide-la-proteccion-total-del-parque-de-zabalgana-mediante-la-desclasificacion-de-casi-20-hectareas-amenazadas-por-el-ladrillo\/","title":{"rendered":"(Castellano) EQUO Berdeak pide la protecci\u00f3n total del parque de Zabalgana mediante la desclasificaci\u00f3n de casi 20 hect\u00e1reas amenazadas por el ladrillo"},"content":{"rendered":"<p class=\"qtranxs-available-languages-message qtranxs-available-languages-message-EU\">Barkatu, hau ez dago euskararaturik oraindik...<\/p>","protected":false},"excerpt":{"rendered":"<p>Barkatu, hau ez dago euskararaturik oraindik&#8230;<\/p>\n","protected":false},"author":1,"featured_media":62376,"comment_status":"open","ping_status":"open","sticky":false,"template":"","format":"standard","meta":{"footnotes":""},"categories":[880],"tags":[1228,764,584,669,1202],"class_list":{"0":"post-62375","1":"post","2":"type-post","3":"status-publish","4":"format-standard","5":"has-post-thumbnail","7":"category-alava","8":"tag-anillo-verde","9":"tag-equo-berdeak","10":"tag-oscar-fernandez","11":"tag-vitoria","12":"tag-zabalgana","13":"czr-hentry"},"aioseo_notices":[],"_links":{"self":[{"href":"https:\/\/euskadi.verdesequo.es\/EU\/wp-json\/wp\/v2\/posts\/62375","targetHints":{"allow":["GET"]}}],"collection":[{"href":"https:\/\/euskadi.verdesequo.es\/EU\/wp-json\/wp\/v2\/posts"}],"about":[{"href":"https:\/\/euskadi.verdesequo.es\/EU\/wp-json\/wp\/v2\/types\/post"}],"author":[{"embeddable":true,"href":"https:\/\/euskadi.verdesequo.es\/EU\/wp-json\/wp\/v2\/users\/1"}],"replies":[{"embeddable":true,"href":"https:\/\/euskadi.verdesequo.es\/EU\/wp-json\/wp\/v2\/comments?post=62375"}],"version-history":[{"count":1,"href":"https:\/\/euskadi.verdesequo.es\/EU\/wp-json\/wp\/v2\/posts\/62375\/revisions"}],"predecessor-version":[{"id":62377,"href":"https:\/\/euskadi.verdesequo.es\/EU\/wp-json\/wp\/v2\/posts\/62375\/revisions\/62377"}],"wp:featuredmedia":[{"embeddable":true,"href":"https:\/\/euskadi.verdesequo.es\/EU\/wp-json\/wp\/v2\/media\/62376"}],"wp:attachment":[{"href":"https:\/\/euskadi.verdesequo.es\/EU\/wp-json\/wp\/v2\/media?parent=62375"}],"wp:term":[{"taxonomy":"category","embeddable":true,"href":"https:\/\/euskadi.verdesequo.es\/EU\/wp-json\/wp\/v2\/categories?post=62375"},{"taxonomy":"post_tag","embeddable":true,"href":"https:\/\/euskadi.verdesequo.es\/EU\/wp-json\/wp\/v2\/tags?post=62375"}],"curies":[{"name":"wp","href":"https:\/\/api.w.org\/{rel}","templated":true}]}}