{"id":61506,"date":"2018-06-04T12:30:50","date_gmt":"2018-06-04T11:30:50","guid":{"rendered":"http:\/\/euskadi.partidoequo.es\/?p=61506"},"modified":"2018-06-04T13:32:29","modified_gmt":"2018-06-04T11:32:29","slug":"pedimos-a-pedro-sanchez-que-priorice-las-politicas-verdes","status":"publish","type":"post","link":"https:\/\/euskadi.verdesequo.es\/EU\/2018\/06\/04\/pedimos-a-pedro-sanchez-que-priorice-las-politicas-verdes\/","title":{"rendered":"Pedimos a Pedro S\u00e1nchez que priorice las pol\u00edticas verdes"},"content":{"rendered":"<p><span style=\"font-family: Calibri;\"><strong>Desde EQUO pedimos al nuevo presidente de gobierno, Pedro S\u00e1nchez, que aproveche el nuevo cambio pol\u00edtico para favorecer unas medidas verdes eficaces y reales.\u00a0 Pese a gobernar con los presupuestos del Partido Popular, existen pol\u00edticas que no necesitan presupuestos y que responden a una cuesti\u00f3n de voluntad pol\u00edtica.<\/strong><\/p>\n<p>Igualmente tendemos la mano al nuevo ejecutivo para llevar adelante medidas medioambientales pero estaremos vigilantes, ya que no vamos a transigir ninguna excusa para que contin\u00fae la contrarreforma que ha hecho el PP de destrucci\u00f3n del medio ambiente. \u201cEl medioambiente no puede esperar. Las pol\u00edticas medioambientales tienen que cambiar desde el minuto uno y no puede haber ninguna excusa. Reclamamos la creaci\u00f3n de un ministerio espec\u00edfico de medio ambiente que hasta ahora ha estado subrogado a las pol\u00edticas agr\u00edcolas\u201d, expone el diputado del grupo parlamentario Unidos Podemos y coportavoz de EQUO, Juantxo L\u00f3pez de Uralde. \u201cApoyaremos al<br \/>\nPSOE si quiere cambiar la situaci\u00f3n, pero si solo quiere un lavado de cara estaremos haciendo presi\u00f3n para que impulse medidas de cambio\u201d, avisa L\u00f3pez de Uralde.<\/p>\n<p><strong>Espa\u00f1a es uno de los pa\u00edses m\u00e1s amenazados por cuestiones medioambientales y se encuentra en una situaci\u00f3n de especial vulnerabilidad por la reducci\u00f3n de malas medidas legislativas sobre protecci\u00f3n del entorno.\u00a0<\/strong>\u00a0Consideramos que el medioambiente debe ser algo transversal en todas las pol\u00edticas y decisiones. En esta l\u00ednea, hemos presentado esta ma\u00f1ana el documento con <a href=\"http:\/\/gestionwp.partidoequo.es\/wp-content\/uploads\/2018\/06\/10-propuestas-frente-a-la-crisis-ambiental_links.pdf\">\u201910 propuestas ecologistas para frenar la crisis medioambiental\u2019<\/a> para el nuevo Gobierno, en el que propone 10 iniciativas urgentes que se deben llevar a cabo de manera inmediata para hacer frente a los diferentes problemas que plantea la crisis medioambiental como una Ley de cambio clim\u00e1tico, aumentar la protecci\u00f3n de la biodiversidad, mejorar la pol\u00edtica de gesti\u00f3n de residuos, o eliminar definitivamente los\u00a0 pl\u00e1sticos de un solo uso.<\/p>\n<p>Respecto al sector primario -agricultura y ganader\u00eda-\u00a0 es necesario plantear cambios que transformen al sector, hacia uno m\u00e1s sostenible y contribuyan a frenar la despoblaci\u00f3n. En este sentido, nuestra coportavoz de EQUO, Marta Santos, esgrime que \u201ctodav\u00eda hay que hacer una verdadera pol\u00edtica de cultura de eficiencia del regad\u00edo ya que el 85% del consumo del agua va para este tipo de cultivos\u201d. \u201cNos han vendido que la \u00fanica soluci\u00f3n es la agricultura intensiva, sin embargo, la ecol\u00f3gica es mucho m\u00e1s rentable y no es m\u00e1s cara la producci\u00f3n, al contrario de lo que se piensa. Es una cuesti\u00f3n de conocimientos y manejo de la tierra que dar\u00eda paso a una alternativa real y rentable econ\u00f3micamente\u201d, argumenta Santos.<\/span><\/p>\n<p><a href=\"http:\/\/gestionwp.partidoequo.es\/wp-content\/uploads\/2018\/06\/10-propuestas-frente-a-la-crisis-ambiental_links.pdf\">10 propuestas frente a la crisis ambiental_links<\/a><\/p>\n","protected":false},"excerpt":{"rendered":"<p>Desde EQUO pedimos al nuevo presidente de gobierno, Pedro S\u00e1nchez, que aproveche el nuevo cambio pol\u00edtico para favorecer unas medidas verdes eficaces y reales.\u00a0 Pese a gobernar con los presupuestos del Partido Popular, existen pol\u00edticas que no necesitan presupuestos y que responden a una cuesti\u00f3n de voluntad pol\u00edtica.<\/p>\n","protected":false},"author":1,"featured_media":61508,"comment_status":"closed","ping_status":"closed","sticky":false,"template":"","format":"standard","meta":{"footnotes":""},"categories":[1],"tags":[793,1770,1771,1772,794],"class_list":{"0":"post-61506","1":"post","2":"type-post","3":"status-publish","4":"format-standard","5":"has-post-thumbnail","7":"category-sin-categoria","8":"tag-medioambiente","9":"tag-mocion-de-censura","10":"tag-pedro-sanchez","11":"tag-politicas-medioambientales","12":"tag-politicas-verdes","13":"czr-hentry"},"aioseo_notices":[],"_links":{"self":[{"href":"https:\/\/euskadi.verdesequo.es\/EU\/wp-json\/wp\/v2\/posts\/61506","targetHints":{"allow":["GET"]}}],"collection":[{"href":"https:\/\/euskadi.verdesequo.es\/EU\/wp-json\/wp\/v2\/posts"}],"about":[{"href":"https:\/\/euskadi.verdesequo.es\/EU\/wp-json\/wp\/v2\/types\/post"}],"author":[{"embeddable":true,"href":"https:\/\/euskadi.verdesequo.es\/EU\/wp-json\/wp\/v2\/users\/1"}],"replies":[{"embeddable":true,"href":"https:\/\/euskadi.verdesequo.es\/EU\/wp-json\/wp\/v2\/comments?post=61506"}],"version-history":[{"count":1,"href":"https:\/\/euskadi.verdesequo.es\/EU\/wp-json\/wp\/v2\/posts\/61506\/revisions"}],"predecessor-version":[{"id":61507,"href":"https:\/\/euskadi.verdesequo.es\/EU\/wp-json\/wp\/v2\/posts\/61506\/revisions\/61507"}],"wp:featuredmedia":[{"embeddable":true,"href":"https:\/\/euskadi.verdesequo.es\/EU\/wp-json\/wp\/v2\/media\/61508"}],"wp:attachment":[{"href":"https:\/\/euskadi.verdesequo.es\/EU\/wp-json\/wp\/v2\/media?parent=61506"}],"wp:term":[{"taxonomy":"category","embeddable":true,"href":"https:\/\/euskadi.verdesequo.es\/EU\/wp-json\/wp\/v2\/categories?post=61506"},{"taxonomy":"post_tag","embeddable":true,"href":"https:\/\/euskadi.verdesequo.es\/EU\/wp-json\/wp\/v2\/tags?post=61506"}],"curies":[{"name":"wp","href":"https:\/\/api.w.org\/{rel}","templated":true}]}}