{"id":60299,"date":"2017-06-29T15:49:22","date_gmt":"2017-06-29T13:49:22","guid":{"rendered":"http:\/\/equogipuzkoa.org\/?p=1488"},"modified":"2017-11-30T13:11:46","modified_gmt":"2017-11-30T12:11:46","slug":"pedimos-que-el-pse-no-monopolice-en-el-ayuntamiento-de-eibar-la-negociacion-de-la-relacion-de-puestos-de-trabajo-2","status":"publish","type":"post","link":"https:\/\/euskadi.verdesequo.es\/EU\/2017\/06\/29\/pedimos-que-el-pse-no-monopolice-en-el-ayuntamiento-de-eibar-la-negociacion-de-la-relacion-de-puestos-de-trabajo-2\/","title":{"rendered":"PSEk Eibarko Udalean Lanpostuen Zerrendaren inguruko negoziazioa ez \u201cmonopolizatzeko\u201d eskatzen dugu"},"content":{"rendered":"<p><\/p>\n<ul>\n<li>Irabazi Eibar ha solicitado, junto al resto de los grupos de la oposici\u00f3n, participar en el proceso.<\/li>\n<\/ul>\n<p>&nbsp;<\/p>\n<p>La concejala en Irabazi Eibar, Mar\u00eda Jes\u00fas Aguirre, ha solicitado estar presente en la mesa pol\u00edtica que acompa\u00f1a a la mesa t\u00e9cnica en la negociaci\u00f3n de la relaci\u00f3n de los puestos de trabajo -RPT- de la instituci\u00f3n.\u00a0 Irabazi Eibar ha suscrito, junto al resto de los grupos de la oposici\u00f3n- EH Bildu y EAJ-PNV- \u00a0un comunicado censurando el comportamiento del equipo de Gobierno por su intento de \u201cmonopolizar\u201d el proceso. \u201cAbogamos por una mesa t\u00e9cnica o, en su defecto, por una mesa pol\u00edtica en la que participen todos los grupos municipales, no solo el PSE que intenta monopolizar el proceso. O estamos los cuatro o no estamos ninguno\u201d, ha declarado Aguirre.<\/p>\n<p>Los tres partidos de la oposici\u00f3n municipal han denunciado que los socialistas consideran el Ayuntamiento como \u201csu cortijo\u201d.<\/p>\n<p>La primera alternativa que defienden estas formaciones es el desarrollo de una mesa con t\u00e9cnicos y sindicatos pero si se opta por conformar una mesa con representaci\u00f3n de partidos, debe reflejar la realidad pol\u00edtica municipal. \u201cPedir\u00edamos, en ese caso, contar con voto ponderado. As\u00ed el PSOE no perder\u00eda la representatividad y maniobrabilidad pol\u00edtica con la que cuenta en el Pleno\u201d, han coincidido los portavoces de los grupos de la oposici\u00f3n.<\/p>\n<p>&nbsp;<\/p>","protected":false},"excerpt":{"rendered":"<p>Irabazi Eibar ha solicitado, junto al resto de los grupos de la oposici\u00f3n, participar en el proceso. &nbsp; La concejala en Irabazi Eibar, Mar\u00eda Jes\u00fas Aguirre, ha solicitado estar presente en la mesa pol\u00edtica que acompa\u00f1a a la mesa t\u00e9cnica en la negociaci\u00f3n de la relaci\u00f3n de los puestos de trabajo -RPT- de la instituci\u00f3n.\u00a0 [&hellip;]<\/p>\n","protected":false},"author":1,"featured_media":1322,"comment_status":"open","ping_status":"open","sticky":false,"template":"","format":"standard","meta":{"footnotes":""},"categories":[1608,881],"tags":[659,1683,1684,1693,1694],"class_list":{"0":"post-60299","1":"post","2":"type-post","3":"status-publish","4":"format-standard","5":"has-post-thumbnail","7":"category-actualidad","8":"category-guipuzcoa","9":"tag-eibar","10":"tag-irabazi-eibar","11":"tag-maria-jesus-aguirre","12":"tag-relacion-de-puestos-de-trabajo","13":"tag-rpt","14":"czr-hentry"},"aioseo_notices":[],"_links":{"self":[{"href":"https:\/\/euskadi.verdesequo.es\/EU\/wp-json\/wp\/v2\/posts\/60299","targetHints":{"allow":["GET"]}}],"collection":[{"href":"https:\/\/euskadi.verdesequo.es\/EU\/wp-json\/wp\/v2\/posts"}],"about":[{"href":"https:\/\/euskadi.verdesequo.es\/EU\/wp-json\/wp\/v2\/types\/post"}],"author":[{"embeddable":true,"href":"https:\/\/euskadi.verdesequo.es\/EU\/wp-json\/wp\/v2\/users\/1"}],"replies":[{"embeddable":true,"href":"https:\/\/euskadi.verdesequo.es\/EU\/wp-json\/wp\/v2\/comments?post=60299"}],"version-history":[{"count":1,"href":"https:\/\/euskadi.verdesequo.es\/EU\/wp-json\/wp\/v2\/posts\/60299\/revisions"}],"predecessor-version":[{"id":60564,"href":"https:\/\/euskadi.verdesequo.es\/EU\/wp-json\/wp\/v2\/posts\/60299\/revisions\/60564"}],"wp:featuredmedia":[{"embeddable":true,"href":"https:\/\/euskadi.verdesequo.es\/EU\/wp-json\/wp\/v2\/media\/1322"}],"wp:attachment":[{"href":"https:\/\/euskadi.verdesequo.es\/EU\/wp-json\/wp\/v2\/media?parent=60299"}],"wp:term":[{"taxonomy":"category","embeddable":true,"href":"https:\/\/euskadi.verdesequo.es\/EU\/wp-json\/wp\/v2\/categories?post=60299"},{"taxonomy":"post_tag","embeddable":true,"href":"https:\/\/euskadi.verdesequo.es\/EU\/wp-json\/wp\/v2\/tags?post=60299"}],"curies":[{"name":"wp","href":"https:\/\/api.w.org\/{rel}","templated":true}]}}