{"id":60087,"date":"2017-10-23T12:12:32","date_gmt":"2017-10-23T12:12:32","guid":{"rendered":"http:\/\/bizkaia.partidoequo.es\/?p=249"},"modified":"2017-11-29T12:46:13","modified_gmt":"2017-11-29T11:46:13","slug":"justicia-climatica-la-transicion-energetica-desde-una-perspectiva-de-genero","status":"publish","type":"post","link":"https:\/\/euskadi.verdesequo.es\/EU\/2017\/10\/23\/justicia-climatica-la-transicion-energetica-desde-una-perspectiva-de-genero\/","title":{"rendered":"(Castellano) \u201cJusticia Clim\u00e1tica: La transici\u00f3n energ\u00e9tica desde una perspectiva de g\u00e9nero\u201d"},"content":{"rendered":"<p class=\"qtranxs-available-languages-message qtranxs-available-languages-message-EU\">Barkatu, hau ez dago euskararaturik oraindik...<\/p>","protected":false},"excerpt":{"rendered":"<p>Barkatu, hau ez dago euskararaturik oraindik&#8230;<\/p>\n","protected":false},"author":1,"featured_media":0,"comment_status":"open","ping_status":"open","sticky":false,"template":"","format":"standard","meta":{"footnotes":""},"categories":[1,879],"tags":[412,1708],"class_list":{"0":"post-60087","1":"post","2":"type-post","3":"status-publish","4":"format-standard","6":"category-sin-categoria","7":"category-vizcaya","8":"tag-carmen-munoz","9":"tag-perspectiva-genero","10":"czr-hentry"},"aioseo_notices":[],"_links":{"self":[{"href":"https:\/\/euskadi.verdesequo.es\/EU\/wp-json\/wp\/v2\/posts\/60087","targetHints":{"allow":["GET"]}}],"collection":[{"href":"https:\/\/euskadi.verdesequo.es\/EU\/wp-json\/wp\/v2\/posts"}],"about":[{"href":"https:\/\/euskadi.verdesequo.es\/EU\/wp-json\/wp\/v2\/types\/post"}],"author":[{"embeddable":true,"href":"https:\/\/euskadi.verdesequo.es\/EU\/wp-json\/wp\/v2\/users\/1"}],"replies":[{"embeddable":true,"href":"https:\/\/euskadi.verdesequo.es\/EU\/wp-json\/wp\/v2\/comments?post=60087"}],"version-history":[{"count":1,"href":"https:\/\/euskadi.verdesequo.es\/EU\/wp-json\/wp\/v2\/posts\/60087\/revisions"}],"predecessor-version":[{"id":60100,"href":"https:\/\/euskadi.verdesequo.es\/EU\/wp-json\/wp\/v2\/posts\/60087\/revisions\/60100"}],"wp:attachment":[{"href":"https:\/\/euskadi.verdesequo.es\/EU\/wp-json\/wp\/v2\/media?parent=60087"}],"wp:term":[{"taxonomy":"category","embeddable":true,"href":"https:\/\/euskadi.verdesequo.es\/EU\/wp-json\/wp\/v2\/categories?post=60087"},{"taxonomy":"post_tag","embeddable":true,"href":"https:\/\/euskadi.verdesequo.es\/EU\/wp-json\/wp\/v2\/tags?post=60087"}],"curies":[{"name":"wp","href":"https:\/\/api.w.org\/{rel}","templated":true}]}}