{"id":60048,"date":"2011-09-26T13:05:53","date_gmt":"2011-09-26T13:05:53","guid":{"rendered":"http:\/\/araba.partidoequo.es\/?p=76"},"modified":"2011-09-26T13:05:53","modified_gmt":"2011-09-26T13:05:53","slug":"resultado-de-las-primarias-en-alavaaraba","status":"publish","type":"post","link":"https:\/\/euskadi.verdesequo.es\/EU\/2011\/09\/26\/resultado-de-las-primarias-en-alavaaraba\/","title":{"rendered":"Resultado provisional de las primarias en \u00c1lava\/Araba"},"content":{"rendered":"<p><span style=\"color: #000000;\">Jada bukatu dituzte bazkideen eta Diputatuen Kongresurako hautagaitzak Azaroaren 20an ospatuko diren\u00a0hurrengo\u00a0hauteskunde orokorretan aukeratzeko gure lurraldeko EQUO-etako jarraitzaileen arteko lehen mailako\u00a0hauteskundeak.<\/span><\/p>\n<p>Bi hautagaia\u00a0zerrendako buru izatera aurkeztu ziren eta bozketaren emaitzak hurrengoak izan dira:<\/p>\n<ul>\n<li>Jos\u00e9 Ignacio Mendoza: 12,33 puntuak<\/li>\n<li>Mikel S\u00e1ez de Vicu\u00f1a: 14,41 puntuak<\/li>\n<\/ul>\n<p>Guztira 19 boto erregistratu zituzten % 24,67ren\u00a0<span style=\"color: #000000;\">parte-hartzearekin.<\/span><\/p>\n<p>EQUO<span style=\"color: #000000;\">-hautagaitzek\u00a0<\/span>paritarioak izan behar dutenez gero, Diputatuen Kongresurako Araba\/Arabak izango duen zerrenda osatuta egongo da:<\/p>\n<ol>\n<li>Mikel S\u00e1ez de Vicu\u00f1a Blanco<\/li>\n<li>Antxeta Kn\u00f6rr Rekondo<\/li>\n<li>Jos\u00e9 Ignacio Mendoza Plaza<\/li>\n<li>M\u00f3nica Del Solar Su\u00e1rez<\/li>\n<\/ol>\n<p>ORDEZKOAK:<\/p>\n<ol>\n<li>Juan Jos\u00e9 Hermoso Berm\u00fadez<\/li>\n<li>Inmaculada Molina Saenz<\/li>\n<\/ol>\n<p>Senaturako zerrendak gertatuko den\u00a0<span style=\"color: #000000;\">hurrengo\u00a0<\/span>batzarrean irekitako bozketa <span style=\"color: #000000;\">erabakiko\u00a0<\/span>du Urriko lehen astean.<\/p>","protected":false},"excerpt":{"rendered":"<p>Jada bukatu dituzte bazkideen eta Diputatuen Kongresurako hautagaitzak Azaroaren 20an ospatuko diren\u00a0hurrengo\u00a0hauteskunde orokorretan aukeratzeko gure lurraldeko EQUO-etako jarraitzaileen arteko lehen mailako\u00a0hauteskundeak. Bi hautagaia\u00a0zerrendako buru izatera aurkeztu ziren eta bozketaren emaitzak hurrengoak izan dira: Jos\u00e9 Ignacio Mendoza: 12,33 puntuak Mikel S\u00e1ez de Vicu\u00f1a: 14,41 puntuak Guztira 19 boto erregistratu zituzten % 24,67ren\u00a0parte-hartzearekin. EQUO-hautagaitzek\u00a0paritarioak izan behar dutenez [&hellip;]<\/p>\n","protected":false},"author":1,"featured_media":81,"comment_status":"open","ping_status":"open","sticky":false,"template":"","format":"standard","meta":{"footnotes":""},"categories":[5,880],"tags":[475,525,490,6,8,10],"class_list":{"0":"post-60048","1":"post","2":"type-post","3":"status-publish","4":"format-standard","5":"has-post-thumbnail","7":"category-noticias","8":"category-alava","9":"tag-20n","10":"tag-alava","11":"tag-araba","12":"tag-candidats","13":"tag-equo","14":"tag-primarias","15":"czr-hentry"},"aioseo_notices":[],"_links":{"self":[{"href":"https:\/\/euskadi.verdesequo.es\/EU\/wp-json\/wp\/v2\/posts\/60048","targetHints":{"allow":["GET"]}}],"collection":[{"href":"https:\/\/euskadi.verdesequo.es\/EU\/wp-json\/wp\/v2\/posts"}],"about":[{"href":"https:\/\/euskadi.verdesequo.es\/EU\/wp-json\/wp\/v2\/types\/post"}],"author":[{"embeddable":true,"href":"https:\/\/euskadi.verdesequo.es\/EU\/wp-json\/wp\/v2\/users\/1"}],"replies":[{"embeddable":true,"href":"https:\/\/euskadi.verdesequo.es\/EU\/wp-json\/wp\/v2\/comments?post=60048"}],"version-history":[{"count":0,"href":"https:\/\/euskadi.verdesequo.es\/EU\/wp-json\/wp\/v2\/posts\/60048\/revisions"}],"wp:featuredmedia":[{"embeddable":true,"href":"https:\/\/euskadi.verdesequo.es\/EU\/wp-json\/"}],"wp:attachment":[{"href":"https:\/\/euskadi.verdesequo.es\/EU\/wp-json\/wp\/v2\/media?parent=60048"}],"wp:term":[{"taxonomy":"category","embeddable":true,"href":"https:\/\/euskadi.verdesequo.es\/EU\/wp-json\/wp\/v2\/categories?post=60048"},{"taxonomy":"post_tag","embeddable":true,"href":"https:\/\/euskadi.verdesequo.es\/EU\/wp-json\/wp\/v2\/tags?post=60048"}],"curies":[{"name":"wp","href":"https:\/\/api.w.org\/{rel}","templated":true}]}}