{"id":60013,"date":"2011-12-10T14:33:37","date_gmt":"2011-12-10T13:33:37","guid":{"rendered":"http:\/\/araba.partidoequo.es\/?p=747"},"modified":"2011-12-10T14:33:37","modified_gmt":"2011-12-10T13:33:37","slug":"fracking-no-gracias","status":"publish","type":"post","link":"https:\/\/euskadi.verdesequo.es\/EU\/2011\/12\/10\/fracking-no-gracias\/","title":{"rendered":"Fracking No, gracias"},"content":{"rendered":"<p>Es preocupante la decisi\u00f3n del Gobierno Vasco y del anterior gabinete municipal de Lazcoz ante la instalaci\u00f3n de la explotaci\u00f3n del Gas esquisto, entre otras zonas, en el municipio de Vitoria-Gasteiz.<\/p>\n<p>He o\u00eddo que Greenpeace ha elaborado un estudio sobre el impacto en la salud de las personas de los medios empleados en la extracci\u00f3n del gas. \u00bfTen\u00e9is alguna noticia al respecto?<\/p>\n<p>Muchas gracias y felicidades por la iniciativa.<br \/>\n<\/p>","protected":false},"excerpt":{"rendered":"<p>Es preocupante la decisi\u00f3n del Gobierno Vasco y del anterior gabinete municipal de Lazcoz ante la instalaci\u00f3n de la explotaci\u00f3n del Gas esquisto, entre otras zonas, en el municipio de Vitoria-Gasteiz. He o\u00eddo que Greenpeace ha elaborado un estudio sobre el impacto en la salud de las personas de los medios empleados en la extracci\u00f3n [&hellip;]<\/p>\n","protected":false},"author":1,"featured_media":753,"comment_status":"open","ping_status":"open","sticky":false,"template":"","format":"standard","meta":{"footnotes":""},"categories":[908,880],"tags":[],"class_list":{"0":"post-60013","1":"post","2":"type-post","3":"status-publish","4":"format-standard","5":"has-post-thumbnail","7":"category-opiniones","8":"category-alava","9":"czr-hentry"},"aioseo_notices":[],"_links":{"self":[{"href":"https:\/\/euskadi.verdesequo.es\/EU\/wp-json\/wp\/v2\/posts\/60013","targetHints":{"allow":["GET"]}}],"collection":[{"href":"https:\/\/euskadi.verdesequo.es\/EU\/wp-json\/wp\/v2\/posts"}],"about":[{"href":"https:\/\/euskadi.verdesequo.es\/EU\/wp-json\/wp\/v2\/types\/post"}],"author":[{"embeddable":true,"href":"https:\/\/euskadi.verdesequo.es\/EU\/wp-json\/wp\/v2\/users\/1"}],"replies":[{"embeddable":true,"href":"https:\/\/euskadi.verdesequo.es\/EU\/wp-json\/wp\/v2\/comments?post=60013"}],"version-history":[{"count":0,"href":"https:\/\/euskadi.verdesequo.es\/EU\/wp-json\/wp\/v2\/posts\/60013\/revisions"}],"wp:featuredmedia":[{"embeddable":true,"href":"https:\/\/euskadi.verdesequo.es\/EU\/wp-json\/"}],"wp:attachment":[{"href":"https:\/\/euskadi.verdesequo.es\/EU\/wp-json\/wp\/v2\/media?parent=60013"}],"wp:term":[{"taxonomy":"category","embeddable":true,"href":"https:\/\/euskadi.verdesequo.es\/EU\/wp-json\/wp\/v2\/categories?post=60013"},{"taxonomy":"post_tag","embeddable":true,"href":"https:\/\/euskadi.verdesequo.es\/EU\/wp-json\/wp\/v2\/tags?post=60013"}],"curies":[{"name":"wp","href":"https:\/\/api.w.org\/{rel}","templated":true}]}}